{"id":118245,"date":"2013-12-26T09:19:46","date_gmt":"2013-12-26T09:19:46","guid":{"rendered":"http:\/\/www.fuldaer-nachrichten.de\/?p=118245"},"modified":"2013-12-26T09:19:46","modified_gmt":"2013-12-26T09:19:46","slug":"bischof-heinz-josef-algermissen-und-justizminister-joerg-uwe-hahn-an-heiligabend-in-der-jva-huenfeld","status":"publish","type":"post","link":"https:\/\/www.fuldaernachrichten.de\/?p=118245","title":{"rendered":"Bischof Heinz Josef Algermissen und Justizminister J\u00f6rg-Uwe Hahn an Heiligabend in der JVA H\u00fcnfeld"},"content":{"rendered":"<p>H\u00fcnfeld. Der Bischof von Fulda, Heinz Josef Algermissen, und der Minister der Justiz, f\u00fcr Integration und Europa und stellvertretende Ministerpr\u00e4sident J\u00f6rg-Uwe Hahn besuchten an Heiligabend die Justizvollzugsanstalt H\u00fcnfeld.<!--more--><\/p>\n<p>\u201eWas Sie leisten, geht \u00fcber das blo\u00dfe \u00e2\u20ac\u0161Wegsperren\u00e2\u20ac\u02dc gef\u00e4hrlicher Straft\u00e4ter weit hinaus.\u201c Justizminister J\u00f6rg-Uwe Hahn sagte vor allem den diensthabenden Beamten Danke. Ihnen \u00fcberreichte der Minister stellvertretend f\u00fcr die gut 2800 Bediensteten des hessischen Strafvollzuges, ein kleines Pr\u00e4sent, eine S\u00fc\u00dfigkeit, \u201eals Symbol\u201c, wie Hahn betonte: \u201eDie Beamten arrangieren den H\u00e4ftlingen einen geregelten Tagesablauf, sie helfen ihnen, den Sinn und Wert von Arbeit zu erleben. Mit den Gefangenen werden beispielsweise in Mannschaftssportarten Werte wie Fairness, Toleranz, R\u00fccksichtnahme einge\u00fcbt. Sie lernen Beharrlichkeit, Ausdauer, Siegeswillen oder auch zu verlieren. In den Ausbildungsbetrieben innerhalb der Gef\u00e4ngnisse unterst\u00fctzen die Vollzugsbeamten ihre Gefangenen beim Erwerb eines Schulabschlusses oder einer Berufsabschlusses.\u201c<\/p>\n<p>\u201eDer moderne Strafvollzug kennt nicht nur den S\u00fchnegedanken\u201c, f\u00fcgte Justizminister Hahn hinzu: \u201eEr hat das Ziel, die Straft\u00e4ter fit zu machen und vorzubereiten f\u00fcr die R\u00fcckkehr in die Freiheit. Dabei sind die rund 2800 Mitarbeiter der 16 hessischen Justizvollzugsanstalten den 4751 Gefangenen (Stichtag 18. Dezember) Vorbild. Sie verk\u00f6rpern Werte wie Disziplin, P\u00fcnktlichkeit, Entschlossenheit, G\u00fcte.\u201c<\/p>\n<p>Auch Bischof Heinz Josef Algermissen w\u00fcrdigte das Engagement der Justizvollzugsbeamten, \u201edie zum einen den Aufsichtsdienst versehen, dar\u00fcberhinaus aber die wichtigen Aufgaben von P\u00e4dagogen und Seelentr\u00f6stern\u201c wahrnehmen. Diese Bandbreite mache den Beruf zu einer anspruchsvollen Herausforderung. Der Bischof machte den Mitarbeitern Mut und zeigte sich erfreut \u00fcber den Freiraum, den der Justizvollzug den Gef\u00e4ngnisseelsorgern erm\u00f6glicht: \u201eWir wollen den Menschen in ihrer Not helfen. Der Kontakt zu den Angeh\u00f6rigen darf nicht abrei\u00dfen. Es ist schmerzlich, wenn Menschen die Weihnachtsfeiertage getrennt von ihren Familien verbringen m\u00fcssen. Wir d\u00fcrfen keinen Menschen abschreiben, niemanden aufgeben und zur\u00fccklassen. Das Fest der Geburt Christi schenkt uns eine neue Perspektive. Das Licht von Weihnachten ist f\u00fcr uns alle ein Zeichen der Hoffnung auf eine bessere Welt.\u201c<\/p>\n<p>In der JVA Fulda\u00c2\u00a0 las Pr\u00e4lat Steinert am 4. Advents-Sonntag die Heilige Messe, ebenso am zweiten Weihnachtstag. Eine Weihnachtsfeier\u00c2\u00a0 hatte der\u00c2\u00a0 katholische Gemeindereferent Sch\u00f6ning organisiert. Sie wurde feierlich umrahmt\u00c2\u00a0\u00c2\u00a0 durch eine kirchliche Schola und ein Gitarren- und ein Mandolinenensemble.<\/p>\n<p>Auch am Speiseplan war zu erkennen, dass Weihnachten war. An\u00c2\u00a0\u00c2\u00a0 Heiligabend gab es Kartoffelsalat mit Wiener W\u00fcrstchen und Senf.<br \/>\nAm 1. Weihnachtsfeiertag gab es ein halbes H\u00e4hnchen mit Nudelsalat, zum Nachtisch Kuchen. Jeder Gefangene erhielt als Weihnachtspr\u00e4sent ein Weihnachtsp\u00e4ckchen vorgehalten, das 1 Christstollen (ca. 500g), diverses Geb\u00e4ck, 1 Weihnachtsmischt\u00fcte mit Schokoladen-Nikolaus sowie Obst (Clementinen und Mandarinen) enthielt.<\/p>\n<p>Justizstaatssekret\u00e4r Dr. Rudolf Kriszeleit besuchte an Heiligabend die Bediensteten\u00c2\u00a0 der Justizvollzugsanstalt Weiterstadt, um auch Ihnen Danke zu sagen. Im Hochsicherheitsgef\u00e4ngnis Weiterstadt sitzen\u00c2\u00a0 524 Gefangene (Stichtag 18. Dezember 2013) ein. Sie werden von 286 Mitarbeitern bewacht und betreut.<br \/>\nIn Weiterstadt sind derzeit auch 36 Sicherungsverwahrte (Stichtag 18. Dezember 2013) untergebracht. Es sind T\u00e4ter, die ihre Strafe verb\u00fc\u00dft haben, die aber dar\u00fcber hinaus\u00c2\u00a0 so gef\u00e4hrlich eingesch\u00e4tzt werden, dass das Gericht ihre \u201eSicherungsverwahrung\u201c verf\u00fcgt hat.\u00c2\u00a0 Diese Personen werden von 39 Mitarbeitern der Justizvollzugsanstalt Schwalmstadt bewacht und betreut.<\/p>\n","protected":false},"excerpt":{"rendered":"<div class=\"tmnf_excerpt\"><p>H\u00fcnfeld. Der Bischof von Fulda, Heinz Josef Algermissen, und der Minister der Justiz, f\u00fcr Integration und Europa und stellvertretende Ministerpr\u00e4sident J\u00f6rg-Uwe Hahn besuchten an Heiligabend die Justizvollzugsanstalt H\u00fcnfeld.<\/p>\n<\/div>","protected":false},"author":1,"featured_media":0,"comment_status":"closed","ping_status":"closed","sticky":false,"template":"","format":"standard","meta":{"footnotes":""},"categories":[1],"tags":[],"class_list":["post-118245","post","type-post","status-publish","format-standard","hentry","category-startseite"],"_links":{"self":[{"href":"https:\/\/www.fuldaernachrichten.de\/index.php?rest_route=\/wp\/v2\/posts\/118245","targetHints":{"allow":["GET"]}}],"collection":[{"href":"https:\/\/www.fuldaernachrichten.de\/index.php?rest_route=\/wp\/v2\/posts"}],"about":[{"href":"https:\/\/www.fuldaernachrichten.de\/index.php?rest_route=\/wp\/v2\/types\/post"}],"author":[{"embeddable":true,"href":"https:\/\/www.fuldaernachrichten.de\/index.php?rest_route=\/wp\/v2\/users\/1"}],"replies":[{"embeddable":true,"href":"https:\/\/www.fuldaernachrichten.de\/index.php?rest_route=%2Fwp%2Fv2%2Fcomments&post=118245"}],"version-history":[{"count":1,"href":"https:\/\/www.fuldaernachrichten.de\/index.php?rest_route=\/wp\/v2\/posts\/118245\/revisions"}],"predecessor-version":[{"id":118246,"href":"https:\/\/www.fuldaernachrichten.de\/index.php?rest_route=\/wp\/v2\/posts\/118245\/revisions\/118246"}],"wp:attachment":[{"href":"https:\/\/www.fuldaernachrichten.de\/index.php?rest_route=%2Fwp%2Fv2%2Fmedia&parent=118245"}],"wp:term":[{"taxonomy":"category","embeddable":true,"href":"https:\/\/www.fuldaernachrichten.de\/index.php?rest_route=%2Fwp%2Fv2%2Fcategories&post=118245"},{"taxonomy":"post_tag","embeddable":true,"href":"https:\/\/www.fuldaernachrichten.de\/index.php?rest_route=%2Fwp%2Fv2%2Ftags&post=118245"}],"curies":[{"name":"wp","href":"https:\/\/api.w.org\/{rel}","templated":true}]}}