{"id":118241,"date":"2013-12-24T00:10:22","date_gmt":"2013-12-24T00:10:22","guid":{"rendered":"http:\/\/www.fuldaer-nachrichten.de\/?p=118241"},"modified":"2013-12-23T17:25:37","modified_gmt":"2013-12-23T17:25:37","slug":"fliedener-saenger-und-instrumentallisten-ueberzeugten-beim-adventskonzert-der-gemeinde-flieden","status":"publish","type":"post","link":"https:\/\/www.fuldaernachrichten.de\/?p=118241","title":{"rendered":"Fliedener S\u00e4nger und Instrumentalisten \u00fcberzeugten beim Adventskonzert der Gemeinde Flieden"},"content":{"rendered":"<p><a href=\"http:\/\/www.fuldaer-nachrichten.de\/wp-content\/uploads\/2013\/12\/Flieden_Adventskonzert2013.jpg\"><img decoding=\"async\" class=\"alignleft size-thumbnail wp-image-118242\" alt=\"Flieden_Adventskonzert2013\" src=\"http:\/\/www.fuldaer-nachrichten.de\/wp-content\/uploads\/2013\/12\/Flieden_Adventskonzert2013-265x176.jpg\" width=\"265\" height=\"176\" srcset=\"https:\/\/www.fuldaernachrichten.de\/wp-content\/uploads\/2013\/12\/Flieden_Adventskonzert2013-265x176.jpg 265w, https:\/\/www.fuldaernachrichten.de\/wp-content\/uploads\/2013\/12\/Flieden_Adventskonzert2013.jpg 600w\" sizes=\"(max-width: 265px) 100vw, 265px\" \/><\/a>Flieden. In den Reigen der musikalischen Veranstaltungen brachte sich die Gemeinde Flieden mit einem Adventskonzert in der Kirche St. Goar ein. Die durch Ges\u00e4nge und Instrumente verk\u00fcndete Freude wies auf den hellen Glanz hin, der aufleuchtet am Geburtsfest Christi. Unter dem Motto \u201eSind die Lichter angez\u00fcndet\u00e2\u20ac\u00a6\u201c boten Vokalsolisten, der Chor der S\u00e4ngervereinigung und die ihr angeschlossenen VielHarmonie, ein Bl\u00e4serensemble des Musikvereins D\u00f6ngesm\u00fchle sowie Organist Michael Junk unter Leitung der Dirigentin Pia Bagus ein vielseitiges Programm mit Musik aus vier Jahrhunderten.<!--more--><\/p>\n<p>Zum Auftakt erklangen Blechbl\u00e4ser und Orgel mit \u201eTochter Zion\u201c. In den anschlie\u00dfenden Gru\u00dfworten zeigte sich B\u00fcrgermeister Christian Henkel erfreut, dass alle, die an der Gestaltung des Konzertes beteiligt sind, aus Flieden kommen. S\u00e4ngervereinigung und Vielharmonie erfreuten die Zuh\u00f6rer als Einzelchor oder gemeinsam mit klassischen aber auch rhythmischen Ges\u00e4ngen, teilweise umrahmt durch das Bl\u00e4serensemble und die Orgel. Als Solistinnen \u00fcberzeugten Pia Bagus und Isolde Gerhardt.<\/p>\n<p>Pfarrer Zielinski lobt die Darbietungen als wertvollen Beitrag zur Vorbereitung auf Weihnachten und dankte im Namen von Ortspfarrer Thomas Maleja den S\u00e4ngern und Musikern. Zum Abschluss, nach einem Vorspiel f\u00fcr Orgel und Posaune, sangen die Besucher der gut besuchten Kirche gemeinsam das Lied \u201eWachet auf, ruft uns die Stimme\u201c.<\/p>\n","protected":false},"excerpt":{"rendered":"<div class=\"tmnf_excerpt\"><p>Flieden. In den Reigen der musikalischen Veranstaltungen brachte sich die Gemeinde Flieden mit einem Adventskonzert in der Kirche St. Goar ein. Die durch Ges\u00e4nge und Instrumente verk\u00fcndete Freude wies auf den hellen Glanz hin, der aufleuchtet am Geburtsfest Christi. Unter dem Motto \u201eSind die Lichter angez\u00fcndet\u00e2\u20ac\u00a6\u201c boten Vokalsolisten, der Chor der S\u00e4ngervereinigung und die ihr &hellip;<\/p>\n<\/div>","protected":false},"author":1,"featured_media":0,"comment_status":"closed","ping_status":"closed","sticky":false,"template":"","format":"standard","meta":{"footnotes":""},"categories":[1,50],"tags":[],"class_list":["post-118241","post","type-post","status-publish","format-standard","hentry","category-startseite","category-kirche"],"_links":{"self":[{"href":"https:\/\/www.fuldaernachrichten.de\/index.php?rest_route=\/wp\/v2\/posts\/118241","targetHints":{"allow":["GET"]}}],"collection":[{"href":"https:\/\/www.fuldaernachrichten.de\/index.php?rest_route=\/wp\/v2\/posts"}],"about":[{"href":"https:\/\/www.fuldaernachrichten.de\/index.php?rest_route=\/wp\/v2\/types\/post"}],"author":[{"embeddable":true,"href":"https:\/\/www.fuldaernachrichten.de\/index.php?rest_route=\/wp\/v2\/users\/1"}],"replies":[{"embeddable":true,"href":"https:\/\/www.fuldaernachrichten.de\/index.php?rest_route=%2Fwp%2Fv2%2Fcomments&post=118241"}],"version-history":[{"count":2,"href":"https:\/\/www.fuldaernachrichten.de\/index.php?rest_route=\/wp\/v2\/posts\/118241\/revisions"}],"predecessor-version":[{"id":118244,"href":"https:\/\/www.fuldaernachrichten.de\/index.php?rest_route=\/wp\/v2\/posts\/118241\/revisions\/118244"}],"wp:attachment":[{"href":"https:\/\/www.fuldaernachrichten.de\/index.php?rest_route=%2Fwp%2Fv2%2Fmedia&parent=118241"}],"wp:term":[{"taxonomy":"category","embeddable":true,"href":"https:\/\/www.fuldaernachrichten.de\/index.php?rest_route=%2Fwp%2Fv2%2Fcategories&post=118241"},{"taxonomy":"post_tag","embeddable":true,"href":"https:\/\/www.fuldaernachrichten.de\/index.php?rest_route=%2Fwp%2Fv2%2Ftags&post=118241"}],"curies":[{"name":"wp","href":"https:\/\/api.w.org\/{rel}","templated":true}]}}