{"id":118226,"date":"2013-12-24T00:10:31","date_gmt":"2013-12-24T00:10:31","guid":{"rendered":"http:\/\/www.fuldaer-nachrichten.de\/?p=118226"},"modified":"2013-12-23T17:06:04","modified_gmt":"2013-12-23T17:06:04","slug":"theaterbuero-in-den-weihnachtsferien-geschlossen","status":"publish","type":"post","link":"https:\/\/www.fuldaernachrichten.de\/?p=118226","title":{"rendered":"Theaterb\u00fcro in den Weihnachtsferien geschlossen"},"content":{"rendered":"<p>Fulda. Das Theaterb\u00fcro in der Schlossstr. 5, ist in den Weihnachtsferien von Dienstag, 24. Dezember 2013 bis einschlie\u00dflich Dienstag, 7. Januar 2014 geschlossen. Ab Mittwoch, 8. Januar 2014 ist das Theaterb\u00fcro zu den bekannten \u00d6ffnungszeiten wieder offen.<\/p>\n","protected":false},"excerpt":{"rendered":"<div class=\"tmnf_excerpt\"><p>Fulda. Das Theaterb\u00fcro in der Schlossstr. 5, ist in den Weihnachtsferien von Dienstag, 24. Dezember 2013 bis einschlie\u00dflich Dienstag, 7. Januar 2014 geschlossen. Ab Mittwoch, 8. Januar 2014 ist das Theaterb\u00fcro zu den bekannten \u00d6ffnungszeiten wieder offen.<\/p>\n<\/div>","protected":false},"author":1,"featured_media":0,"comment_status":"closed","ping_status":"closed","sticky":false,"template":"","format":"standard","meta":{"footnotes":""},"categories":[1,44],"tags":[],"class_list":["post-118226","post","type-post","status-publish","format-standard","hentry","category-startseite","category-kultur"],"_links":{"self":[{"href":"https:\/\/www.fuldaernachrichten.de\/index.php?rest_route=\/wp\/v2\/posts\/118226","targetHints":{"allow":["GET"]}}],"collection":[{"href":"https:\/\/www.fuldaernachrichten.de\/index.php?rest_route=\/wp\/v2\/posts"}],"about":[{"href":"https:\/\/www.fuldaernachrichten.de\/index.php?rest_route=\/wp\/v2\/types\/post"}],"author":[{"embeddable":true,"href":"https:\/\/www.fuldaernachrichten.de\/index.php?rest_route=\/wp\/v2\/users\/1"}],"replies":[{"embeddable":true,"href":"https:\/\/www.fuldaernachrichten.de\/index.php?rest_route=%2Fwp%2Fv2%2Fcomments&post=118226"}],"version-history":[{"count":1,"href":"https:\/\/www.fuldaernachrichten.de\/index.php?rest_route=\/wp\/v2\/posts\/118226\/revisions"}],"predecessor-version":[{"id":118227,"href":"https:\/\/www.fuldaernachrichten.de\/index.php?rest_route=\/wp\/v2\/posts\/118226\/revisions\/118227"}],"wp:attachment":[{"href":"https:\/\/www.fuldaernachrichten.de\/index.php?rest_route=%2Fwp%2Fv2%2Fmedia&parent=118226"}],"wp:term":[{"taxonomy":"category","embeddable":true,"href":"https:\/\/www.fuldaernachrichten.de\/index.php?rest_route=%2Fwp%2Fv2%2Fcategories&post=118226"},{"taxonomy":"post_tag","embeddable":true,"href":"https:\/\/www.fuldaernachrichten.de\/index.php?rest_route=%2Fwp%2Fv2%2Ftags&post=118226"}],"curies":[{"name":"wp","href":"https:\/\/api.w.org\/{rel}","templated":true}]}}