{"id":118219,"date":"2013-12-24T00:12:53","date_gmt":"2013-12-24T00:12:53","guid":{"rendered":"http:\/\/www.fuldaer-nachrichten.de\/?p=118219"},"modified":"2013-12-23T17:03:47","modified_gmt":"2013-12-23T17:03:47","slug":"weiterbildung-zum-facharzt-fuer-oeffentliches-gesundheitswesen-erstmalig-traineeprogramm-fuer-aerzte-beim-landkreis-fulda","status":"publish","type":"post","link":"https:\/\/www.fuldaernachrichten.de\/?p=118219","title":{"rendered":"Weiterbildung zum Facharzt f\u00fcr \u00d6ffentliches Gesundheitswesen &#8211; Erstmalig Traineeprogramm f\u00fcr \u00c4rzte beim Landkreis Fulda"},"content":{"rendered":"<p>Fulda. Die Kreisverwaltung ist Dienstleister f\u00fcr 217.000 Einwohner im Landkreis Fulda. Mit rund 1100 Mitarbeiterinnen und Mitarbeitern z\u00e4hlt sie zu den gr\u00f6\u00dften Arbeitgebern in der Region und bietet eine breite Palette an interessanten Aufgaben und beruflichen M\u00f6glichkeiten. Insbesondere das Thema Aus- und Fortbildung wird gro\u00df geschrieben.<!--more--><\/p>\n<p>Erstmalig in der Geschichte des Landkreises Fulda hat die Kreisverwaltung jetzt ein Traineeprogramm f\u00fcr angehende oder bereits approbierte \u00c4rzte aufgelegt. Absolventen der Humanmedizin k\u00f6nnen sich mit Erreichung der Approbation direkt nach dem Studium beim Kreisgesundheitsamt um eine Weiterbildung zum Facharzt f\u00fcr \u00d6ffentliches Gesundheitswesen bewerben. Hierzu wird eine Anstellung in Vollzeit mit der M\u00f6glichkeit angeboten, als Facharzt f\u00fcr \u00d6ffentliches Gesundheitswesen im Landkreis Fulda t\u00e4tig zu werden.<\/p>\n<p>Die Teilnehmerinnen und Teilnehmer am Traineeprogramm f\u00fcr angehende \u00c4rzte werden in einem Arbeitsfeld der Medizin t\u00e4tig, das abwechslungsreicher nicht sein k\u00f6nnte. Sie haben im Rahmen ihrer beruflichen Aufgaben Kontakt zu fast allen Lebensbereichen der B\u00fcrgerinnen und B\u00fcrger im Landkreis. Mit der Qualifikation als Facharzt f\u00fcr \u00f6ffentliches Gesundheitswesen, ihrer medizinischen Kompetenz und dem erworbenen Wissen sind sie eine der wenigen Fach\u00e4rzte deutschlandweit in diesem Bereich. Im Vorfeld besteht auch die M\u00f6glichkeit, f\u00fcr ein oder zwei Tage das Arbeitsgebiet eines Amtsarztes mittels Hospitation kennen zu lernen.<\/p>\n<p>B<b>reites Aufgabenfeld<\/b><\/p>\n<p>Die Weiterbildung zum Facharzt f\u00fcr das \u00d6ffentliche Gesundheitswesen setzt sich aus mehreren Fortbildungsabschnitten zusammen. Nach einem 18-monatigen Einsatz im Gesundheitsamt des Landkreises Fulda schlie\u00dfen sich 36 Monate Weiterbildung in patientennahen weiterbildungserm\u00e4chtigten Stellen an, zum Beispiel in den Fachdisziplinen Kinderheilkunde, Innere Medizin oder Chirurgie. Die Weiterbildung in Psychiatrie wird in Absprache mit dem Klinikum in Fulda, dem Eichhof-Krankenhaus in Lauterbach oder der Klinik f\u00fcr Psychiatrie und Psychotherapie in Schl\u00fcchtern angeboten.<\/p>\n<p>Der klinische Teil des Traineeprogramms findet prim\u00e4r an drei Krankenh\u00e4usern (Herz-Jesu-Krankenhaus Fulda, Klinikum Fulda, Helios-Klinik H\u00fcnfeld) statt. Die klinisch relevanten Zeiten k\u00f6nnen aber auch an jedem anderen weiterbildungserm\u00e4chtigten Krankenhaus in Deutschland absolviert werden. Nach Beendigung dieses Abschnitts kehren die Teilnehmer an das Kreisgesundheitsamt zur\u00fcck und werden zum Abschluss der Weiterbildung in modularer Form, jeweils monatlich, an die Akademie f\u00fcr \u00d6ffentliches Gesundheitswesen in D\u00fcsseldorf abgeordnet, um den dortigen \u201eAmtsarztkurs\u201c zu absolvieren. Danach erfolgt die Facharztpr\u00fcfung an der Landes\u00e4rztekammer Hessen in Frankfurt.<\/p>\n<p>Der Landkreis Fulda bietet mit diesem neu aufgelegten Traineeprogramm jungen, motivierten Humanmedizinern die M\u00f6glichkeit, ihre medizinischen Kompetenzen und Ideen in der Region innovativ einzusetzen. Sie k\u00f6nnen sich gestaltend in die medizinische Versorgung des Landkreises Fulda einbringen und somit aktiv an der Fortentwicklung des \u00d6ffentlichen Gesundheitswesens mitwirken.<\/p>\n","protected":false},"excerpt":{"rendered":"<div class=\"tmnf_excerpt\"><p>Fulda. Die Kreisverwaltung ist Dienstleister f\u00fcr 217.000 Einwohner im Landkreis Fulda. Mit rund 1100 Mitarbeiterinnen und Mitarbeitern z\u00e4hlt sie zu den gr\u00f6\u00dften Arbeitgebern in der Region und bietet eine breite Palette an interessanten Aufgaben und beruflichen M\u00f6glichkeiten. Insbesondere das Thema Aus- und Fortbildung wird gro\u00df geschrieben.<\/p>\n<\/div>","protected":false},"author":1,"featured_media":0,"comment_status":"closed","ping_status":"closed","sticky":false,"template":"","format":"standard","meta":{"footnotes":""},"categories":[1,51],"tags":[],"class_list":["post-118219","post","type-post","status-publish","format-standard","hentry","category-startseite","category-medizin"],"_links":{"self":[{"href":"https:\/\/www.fuldaernachrichten.de\/index.php?rest_route=\/wp\/v2\/posts\/118219","targetHints":{"allow":["GET"]}}],"collection":[{"href":"https:\/\/www.fuldaernachrichten.de\/index.php?rest_route=\/wp\/v2\/posts"}],"about":[{"href":"https:\/\/www.fuldaernachrichten.de\/index.php?rest_route=\/wp\/v2\/types\/post"}],"author":[{"embeddable":true,"href":"https:\/\/www.fuldaernachrichten.de\/index.php?rest_route=\/wp\/v2\/users\/1"}],"replies":[{"embeddable":true,"href":"https:\/\/www.fuldaernachrichten.de\/index.php?rest_route=%2Fwp%2Fv2%2Fcomments&post=118219"}],"version-history":[{"count":1,"href":"https:\/\/www.fuldaernachrichten.de\/index.php?rest_route=\/wp\/v2\/posts\/118219\/revisions"}],"predecessor-version":[{"id":118220,"href":"https:\/\/www.fuldaernachrichten.de\/index.php?rest_route=\/wp\/v2\/posts\/118219\/revisions\/118220"}],"wp:attachment":[{"href":"https:\/\/www.fuldaernachrichten.de\/index.php?rest_route=%2Fwp%2Fv2%2Fmedia&parent=118219"}],"wp:term":[{"taxonomy":"category","embeddable":true,"href":"https:\/\/www.fuldaernachrichten.de\/index.php?rest_route=%2Fwp%2Fv2%2Fcategories&post=118219"},{"taxonomy":"post_tag","embeddable":true,"href":"https:\/\/www.fuldaernachrichten.de\/index.php?rest_route=%2Fwp%2Fv2%2Ftags&post=118219"}],"curies":[{"name":"wp","href":"https:\/\/api.w.org\/{rel}","templated":true}]}}