{"id":118214,"date":"2013-12-24T00:13:51","date_gmt":"2013-12-24T00:13:51","guid":{"rendered":"http:\/\/www.fuldaer-nachrichten.de\/?p=118214"},"modified":"2013-12-23T17:01:12","modified_gmt":"2013-12-23T17:01:12","slug":"franzoesisch-intensivkurs-fuer-schueler-im-2-und-3-lernjahr","status":"publish","type":"post","link":"https:\/\/www.fuldaernachrichten.de\/?p=118214","title":{"rendered":"Franz\u00f6sisch-Intensivkurs f\u00fcr Sch\u00fcler im 2. und 3. Lernjahr"},"content":{"rendered":"<p>Fulda. Ein Franz\u00f6sisch-Intensivkurs der vhs des Landkreises Fulda vom 6. bis 9. Januar, jeweils von 10.00 Uhr bis 11.30 Uhr im Georg-Stieler-Haus, Gallasiniring 1, richtet sich an Sch\u00fclerinnen und Sch\u00fcler, die im 2.\/3. Jahr Franz\u00f6sisch lernen. Der Schwerpunkt liegt auf der Grammatik, aber auch Lesen und Sprechen werden ge\u00fcbt. Info und vorherige Anmeldung im Internet unter <a href=\"http:\/\/www.vhs-fulda.de\">www.vhs-fulda.de<\/a>oder bei der VHS-Gesch\u00e4ftsstelle, Telefon (0661)25199-0.<\/p>\n","protected":false},"excerpt":{"rendered":"<div class=\"tmnf_excerpt\"><p>Fulda. Ein Franz\u00f6sisch-Intensivkurs der vhs des Landkreises Fulda vom 6. bis 9. Januar, jeweils von 10.00 Uhr bis 11.30 Uhr im Georg-Stieler-Haus, Gallasiniring 1, richtet sich an Sch\u00fclerinnen und Sch\u00fcler, die im 2.\/3. Jahr Franz\u00f6sisch lernen. Der Schwerpunkt liegt auf der Grammatik, aber auch Lesen und Sprechen werden ge\u00fcbt. Info und vorherige Anmeldung im Internet &hellip;<\/p>\n<\/div>","protected":false},"author":1,"featured_media":0,"comment_status":"closed","ping_status":"closed","sticky":false,"template":"","format":"standard","meta":{"footnotes":""},"categories":[1,53],"tags":[],"class_list":["post-118214","post","type-post","status-publish","format-standard","hentry","category-startseite","category-bildung"],"_links":{"self":[{"href":"https:\/\/www.fuldaernachrichten.de\/index.php?rest_route=\/wp\/v2\/posts\/118214","targetHints":{"allow":["GET"]}}],"collection":[{"href":"https:\/\/www.fuldaernachrichten.de\/index.php?rest_route=\/wp\/v2\/posts"}],"about":[{"href":"https:\/\/www.fuldaernachrichten.de\/index.php?rest_route=\/wp\/v2\/types\/post"}],"author":[{"embeddable":true,"href":"https:\/\/www.fuldaernachrichten.de\/index.php?rest_route=\/wp\/v2\/users\/1"}],"replies":[{"embeddable":true,"href":"https:\/\/www.fuldaernachrichten.de\/index.php?rest_route=%2Fwp%2Fv2%2Fcomments&post=118214"}],"version-history":[{"count":1,"href":"https:\/\/www.fuldaernachrichten.de\/index.php?rest_route=\/wp\/v2\/posts\/118214\/revisions"}],"predecessor-version":[{"id":118215,"href":"https:\/\/www.fuldaernachrichten.de\/index.php?rest_route=\/wp\/v2\/posts\/118214\/revisions\/118215"}],"wp:attachment":[{"href":"https:\/\/www.fuldaernachrichten.de\/index.php?rest_route=%2Fwp%2Fv2%2Fmedia&parent=118214"}],"wp:term":[{"taxonomy":"category","embeddable":true,"href":"https:\/\/www.fuldaernachrichten.de\/index.php?rest_route=%2Fwp%2Fv2%2Fcategories&post=118214"},{"taxonomy":"post_tag","embeddable":true,"href":"https:\/\/www.fuldaernachrichten.de\/index.php?rest_route=%2Fwp%2Fv2%2Ftags&post=118214"}],"curies":[{"name":"wp","href":"https:\/\/api.w.org\/{rel}","templated":true}]}}