{"id":118208,"date":"2013-12-23T16:58:52","date_gmt":"2013-12-23T16:58:52","guid":{"rendered":"http:\/\/www.fuldaer-nachrichten.de\/?p=118208"},"modified":"2013-12-23T16:58:52","modified_gmt":"2013-12-23T16:58:52","slug":"kinderhaus-kleine-fuesse-spendet-an-kaenguruh-e-v","status":"publish","type":"post","link":"https:\/\/www.fuldaernachrichten.de\/?p=118208","title":{"rendered":"Kinderhaus \u201eKleine F\u00fc\u00dfe\u201c spendet an \u201eK\u00e4nguruh e.V.\u201c"},"content":{"rendered":"<p><a href=\"http:\/\/www.fuldaer-nachrichten.de\/wp-content\/uploads\/2013\/12\/Prof.-Repp_Spenden\u00fcbergabe_Kleine-F\u00fc\u00dfe_kleine-F\u00fc\u00dfe-005.jpg\"><img fetchpriority=\"high\" decoding=\"async\" class=\"alignleft size-thumbnail wp-image-118209\" alt=\"Prof. Repp_Spenden\u00fcbergabe_Kleine F\u00fc\u00dfe_kleine F\u00fc\u00dfe 005\" src=\"http:\/\/www.fuldaer-nachrichten.de\/wp-content\/uploads\/2013\/12\/Prof.-Repp_Spenden\u00fcbergabe_Kleine-F\u00fc\u00dfe_kleine-F\u00fc\u00dfe-005-265x198.jpg\" width=\"265\" height=\"198\" \/><\/a>Fulda. Der Elternbeirat des Kinderhauses \u201eKleine F\u00fc\u00dfe\u201c spendete 200 Euro zu Gunsten der Kinderklinik des Klinikums Fulda. Einen Herzenswunsch erf\u00fcllte sich der Elternbeirat des Kinderhauses \u201eKleine F\u00fc\u00dfe\u201c in Almendorf mit der Durchf\u00fchrung einer Spendenaktion anl\u00e4sslich des St. Martin-Festes. Der Betrag von 136,40\u00e2\u201a\u00ac aus der Spendendose, welche bei der Andacht in der Almendorfer Kirche herumging und im Anschluss noch bei Bratwurst und Gl\u00fchwein aufgestellt war, wurde vom Elternbeirat auf 200 Euro aufgestockt.<!--more--><\/p>\n<p>Im Rahmen eines Ausflugs zum Klinikum Fulda, zusammen mit den Vorschulkindern des Kinderhauses, wurde der Spendenerl\u00f6s pers\u00f6nlich an Susanne M\u00f6ller vom Verein \u201eK\u00e4nguruh e.V.\u201c, welcher den Aufenthalt von Kindern und Eltern am Klinikum Fulda angenehmer gestaltet sowie Prof. Dr. Reinald Repp (Direktor der Klinik f\u00fcr Kinder- und Jugendmedizin), \u00fcberreicht.<\/p>\n<p>Der F\u00f6rderverein K\u00e4nguruh ist ein gemeinn\u00fctziger Verein der Freunde und F\u00f6rderer der Kinder- und Jugendmedizin Fulda e.V. Hier engagieren sich Eltern, Mitarbeiter der Kinderklinik und andere Interessierte, die kranken Kindern und Jugendlichen den Aufenthalt in der Kinderklinik noch angenehmer machen m\u00f6chten.<\/p>\n","protected":false},"excerpt":{"rendered":"<div class=\"tmnf_excerpt\"><p>Fulda. Der Elternbeirat des Kinderhauses \u201eKleine F\u00fc\u00dfe\u201c spendete 200 Euro zu Gunsten der Kinderklinik des Klinikums Fulda. Einen Herzenswunsch erf\u00fcllte sich der Elternbeirat des Kinderhauses \u201eKleine F\u00fc\u00dfe\u201c in Almendorf mit der Durchf\u00fchrung einer Spendenaktion anl\u00e4sslich des St. Martin-Festes. Der Betrag von 136,40\u00e2\u201a\u00ac aus der Spendendose, welche bei der Andacht in der Almendorfer Kirche herumging und &hellip;<\/p>\n<\/div>","protected":false},"author":1,"featured_media":0,"comment_status":"closed","ping_status":"closed","sticky":false,"template":"","format":"standard","meta":{"footnotes":""},"categories":[1,51],"tags":[],"class_list":["post-118208","post","type-post","status-publish","format-standard","hentry","category-startseite","category-medizin"],"_links":{"self":[{"href":"https:\/\/www.fuldaernachrichten.de\/index.php?rest_route=\/wp\/v2\/posts\/118208","targetHints":{"allow":["GET"]}}],"collection":[{"href":"https:\/\/www.fuldaernachrichten.de\/index.php?rest_route=\/wp\/v2\/posts"}],"about":[{"href":"https:\/\/www.fuldaernachrichten.de\/index.php?rest_route=\/wp\/v2\/types\/post"}],"author":[{"embeddable":true,"href":"https:\/\/www.fuldaernachrichten.de\/index.php?rest_route=\/wp\/v2\/users\/1"}],"replies":[{"embeddable":true,"href":"https:\/\/www.fuldaernachrichten.de\/index.php?rest_route=%2Fwp%2Fv2%2Fcomments&post=118208"}],"version-history":[{"count":1,"href":"https:\/\/www.fuldaernachrichten.de\/index.php?rest_route=\/wp\/v2\/posts\/118208\/revisions"}],"predecessor-version":[{"id":118210,"href":"https:\/\/www.fuldaernachrichten.de\/index.php?rest_route=\/wp\/v2\/posts\/118208\/revisions\/118210"}],"wp:attachment":[{"href":"https:\/\/www.fuldaernachrichten.de\/index.php?rest_route=%2Fwp%2Fv2%2Fmedia&parent=118208"}],"wp:term":[{"taxonomy":"category","embeddable":true,"href":"https:\/\/www.fuldaernachrichten.de\/index.php?rest_route=%2Fwp%2Fv2%2Fcategories&post=118208"},{"taxonomy":"post_tag","embeddable":true,"href":"https:\/\/www.fuldaernachrichten.de\/index.php?rest_route=%2Fwp%2Fv2%2Ftags&post=118208"}],"curies":[{"name":"wp","href":"https:\/\/api.w.org\/{rel}","templated":true}]}}