{"id":118195,"date":"2013-12-23T16:50:03","date_gmt":"2013-12-23T16:50:03","guid":{"rendered":"http:\/\/www.fuldaer-nachrichten.de\/?p=118195"},"modified":"2013-12-23T16:50:03","modified_gmt":"2013-12-23T16:50:03","slug":"wuensche-der-ganz-besonderen-art-weihnachtsbaum-aktion-bei-galeria-kaufhof","status":"publish","type":"post","link":"https:\/\/www.fuldaernachrichten.de\/?p=118195","title":{"rendered":"W\u00fcnsche der ganz besonderen Art \u2013 Weihnachtsbaum-Aktion bei Galeria Kaufhof"},"content":{"rendered":"<p><a href=\"http:\/\/www.fuldaer-nachrichten.de\/wp-content\/uploads\/2013\/12\/IMG_3314.jpg\"><img decoding=\"async\" class=\"alignleft size-thumbnail wp-image-118196\" alt=\"IMG_3314\" src=\"http:\/\/www.fuldaer-nachrichten.de\/wp-content\/uploads\/2013\/12\/IMG_3314-265x176.jpg\" width=\"265\" height=\"176\" srcset=\"https:\/\/www.fuldaernachrichten.de\/wp-content\/uploads\/2013\/12\/IMG_3314-265x176.jpg 265w, https:\/\/www.fuldaernachrichten.de\/wp-content\/uploads\/2013\/12\/IMG_3314.jpg 600w\" sizes=\"(max-width: 265px) 100vw, 265px\" \/><\/a>Fulda. Das Weihnachtsfest r\u00fcckt immer n\u00e4her und weckt W\u00fcnsche bei Gro\u00df und Klein &#8211; auch bei einigen Bewohnern des Antoniusheims gibt es immer wieder Dinge, die zur Weihnachtszeit auf dem Wunschzettel landen. Auch in diesem Jahr gab es beim Fuldaer Kaufhaus Galeria Kaufhof daher die Aktion \u201eCharity Baum\u201c zugunsten des Antoniusheims. Rund 100 Bewohnerinnen und Bewohner des Hauses hatten ihren Wunsch auf einen Zettel geschrieben \u2013 am Freitag fand dann im Dinea Restaurant die Geschenk\u00fcbergabe statt.<!--more--><\/p>\n<p>Michaela Lengsfeld, Gesch\u00e4ftsf\u00fchrerin des Antoniusheims, dankte dem Gesch\u00e4ftsf\u00fchrer von Kaufhof, Hartmut Abel, und seinem Team f\u00fcr das Engagement. \u201eEs freut uns, dass wir auch in diesem Jahr wieder zu Ihnen kommen durften\u201c, dankte Lengsfeld und verwies auf eine Neuerung im diesem Jahr: Einige beschenkte Bewohner haben im Vorfeld bei Galeria Kaufhof als Servicekraft mitgearbeitet und das Personal vor Ort unterst\u00fctzt. \u201eDiese Aktion kam bei Kunden, unseren Kollegen und auch bei den Bewohnern sehr gut an\u201c, sagte Abel. Daher solle es auch im kommenden Jahr diesen Weihnachtsservice geben.<\/p>\n<p>&nbsp;<\/p>\n","protected":false},"excerpt":{"rendered":"<div class=\"tmnf_excerpt\"><p>Fulda. Das Weihnachtsfest r\u00fcckt immer n\u00e4her und weckt W\u00fcnsche bei Gro\u00df und Klein &#8211; auch bei einigen Bewohnern des Antoniusheims gibt es immer wieder Dinge, die zur Weihnachtszeit auf dem Wunschzettel landen. Auch in diesem Jahr gab es beim Fuldaer Kaufhaus Galeria Kaufhof daher die Aktion \u201eCharity Baum\u201c zugunsten des Antoniusheims. Rund 100 Bewohnerinnen und &hellip;<\/p>\n<\/div>","protected":false},"author":1,"featured_media":0,"comment_status":"closed","ping_status":"closed","sticky":false,"template":"","format":"standard","meta":{"footnotes":""},"categories":[1,29],"tags":[],"class_list":["post-118195","post","type-post","status-publish","format-standard","hentry","category-startseite","category-politik"],"_links":{"self":[{"href":"https:\/\/www.fuldaernachrichten.de\/index.php?rest_route=\/wp\/v2\/posts\/118195","targetHints":{"allow":["GET"]}}],"collection":[{"href":"https:\/\/www.fuldaernachrichten.de\/index.php?rest_route=\/wp\/v2\/posts"}],"about":[{"href":"https:\/\/www.fuldaernachrichten.de\/index.php?rest_route=\/wp\/v2\/types\/post"}],"author":[{"embeddable":true,"href":"https:\/\/www.fuldaernachrichten.de\/index.php?rest_route=\/wp\/v2\/users\/1"}],"replies":[{"embeddable":true,"href":"https:\/\/www.fuldaernachrichten.de\/index.php?rest_route=%2Fwp%2Fv2%2Fcomments&post=118195"}],"version-history":[{"count":1,"href":"https:\/\/www.fuldaernachrichten.de\/index.php?rest_route=\/wp\/v2\/posts\/118195\/revisions"}],"predecessor-version":[{"id":118197,"href":"https:\/\/www.fuldaernachrichten.de\/index.php?rest_route=\/wp\/v2\/posts\/118195\/revisions\/118197"}],"wp:attachment":[{"href":"https:\/\/www.fuldaernachrichten.de\/index.php?rest_route=%2Fwp%2Fv2%2Fmedia&parent=118195"}],"wp:term":[{"taxonomy":"category","embeddable":true,"href":"https:\/\/www.fuldaernachrichten.de\/index.php?rest_route=%2Fwp%2Fv2%2Fcategories&post=118195"},{"taxonomy":"post_tag","embeddable":true,"href":"https:\/\/www.fuldaernachrichten.de\/index.php?rest_route=%2Fwp%2Fv2%2Ftags&post=118195"}],"curies":[{"name":"wp","href":"https:\/\/api.w.org\/{rel}","templated":true}]}}