{"id":118185,"date":"2013-12-24T00:10:06","date_gmt":"2013-12-24T00:10:06","guid":{"rendered":"http:\/\/www.fuldaer-nachrichten.de\/?p=118185"},"modified":"2013-12-23T16:44:14","modified_gmt":"2013-12-23T16:44:14","slug":"landrat-manfred-goerig-gratulierte-in-oranienburg-dem-partnerkreis-zum-jubilaeum","status":"publish","type":"post","link":"https:\/\/www.fuldaernachrichten.de\/?p=118185","title":{"rendered":"Landrat Manfred G\u00f6rig gratulierte in Oranienburg dem Partnerkreis zum Jubil\u00e4um"},"content":{"rendered":"<div id=\"attachment_118186\" style=\"width: 275px\" class=\"wp-caption alignleft\"><a href=\"http:\/\/www.fuldaer-nachrichten.de\/wp-content\/uploads\/2013\/12\/image0011.jpg\"><img fetchpriority=\"high\" decoding=\"async\" aria-describedby=\"caption-attachment-118186\" class=\"size-thumbnail wp-image-118186\" alt=\"Herzliche Gl\u00fcckw\u00fcnsche aus dem Vogelsbergkreis zum 20-Jahre-Jubil\u00e4um des brandenburgischen Partnerkreises Oberhavel \u2013 Landrat Karl-Heinz Schr\u00f6ter (links) bedankt sich f\u00fcr das Pr\u00e4sent. Landrat Manfred G\u00f6rig (Zweiter von rechts) und Landrat a.D. Rudolf Marx (rechts) \u00fcberreichten ein Gusseisen-Relief des Alsfelder Rathauses. Foto: Landkreis Oberhavel\" src=\"http:\/\/www.fuldaer-nachrichten.de\/wp-content\/uploads\/2013\/12\/image0011-265x203.jpg\" width=\"265\" height=\"203\" srcset=\"https:\/\/www.fuldaernachrichten.de\/wp-content\/uploads\/2013\/12\/image0011-265x203.jpg 265w, https:\/\/www.fuldaernachrichten.de\/wp-content\/uploads\/2013\/12\/image0011.jpg 417w\" sizes=\"(max-width: 265px) 100vw, 265px\" \/><\/a><p id=\"caption-attachment-118186\" class=\"wp-caption-text\">Herzliche Gl\u00fcckw\u00fcnsche aus dem Vogelsbergkreis zum 20-Jahre-Jubil\u00e4um des brandenburgischen Partnerkreises Oberhavel \u2013 Landrat Karl-Heinz Schr\u00f6ter (links) bedankt sich f\u00fcr das Pr\u00e4sent. Landrat Manfred G\u00f6rig (Zweiter von rechts) und Landrat a.D. Rudolf Marx (rechts) \u00fcberreichten ein Gusseisen-Relief des Alsfelder Rathauses. Foto: Landkreis Oberhavel<\/p><\/div>\n<p>Vogelsbergkreis. Aus der partnerschaftlichen Unterst\u00fctzung beim Verwaltungsaufbau kurz nach Wende 1990 ist l\u00e4ngst eine echte Freundschaft geworden. Dies wurde erneut deutlich, als der Vogelsberger Landrat Manfred G\u00f6rig vor wenigen Tagen in Oranienburg dem Partnerkreis in Brandenburg herzlich zum Jubil\u00e4um gratulierte. Vor 20 Jahren, im Dezember 1993, war durch eine Gebietsreform aus Gransee und Oranienburg der neue Landkreis Oberhavel entstanden. Landrat Karl-Heinz Schr\u00f6ter nahm auch die Gl\u00fcckw\u00fcnsche von G\u00f6rigs Vorg\u00e4nger Rudolf Marx entgegen; auch diese beiden Kreispolitiker \u201ekonnten schon gut miteinander\u201c.<!--more--><\/p>\n<p>Im Festakt im Runge-Gymnasium machte Landrat G\u00f6rig deutlich, der Landkreis Oberhavel k\u00f6nne \u201emit starkem Selbstbewusstsein\u201c auf die zur\u00fcckgelegten 20 Jahre schauen. Der Landkreis n\u00f6rdlich von Berlin-Reinickendorf zeige sich wirtschaftsstark und innovativ. Die Verwaltung sei b\u00fcrgernah und effizient.<\/p>\n<p>Von Anbeginn an habe Karl-Heinz Schr\u00f6ter seine \u201eklare Handschrift\u201c hinterlassen \u2013 bis heute. Er wisse sich mit seinem Kollegen einig, so G\u00f6rig, dass die Landkreise in Deutschland eine feste Gr\u00f6\u00dfe in der verl\u00e4sslichen Daseinsvorsorge f\u00fcr die B\u00fcrgerinnen und B\u00fcrger seien. W\u00f6rtlich sagte G\u00f6rig in Oranienburg: \u201eB\u00fcrgerbeteiligung und Bezug zur Basis \u2013 das funktioniert nur, wenn die politisch Verantwortlichen nicht zu weit weg sind. Neben den Gro\u00dfst\u00e4dten sind es die Landkreise, die f\u00fcr soziale Sicherheit, wirtschaftliche Entwicklung und Stabilit\u00e4t in der Gesellschaft stehen.\u201c<\/p>\n<p>Landrat G\u00f6rig k\u00fcndigte an, dass es im kommenden Jahr ein Austauschprogramm der Auszubildenden beider Kreisverwaltungen geben werde. Schon jetzt seien die Kontakte und gemeinsamen Programme vor allem im Jugendbereich \u201eerstklassig\u201c.<\/p>\n<p>G\u00f6rig erinnerte an gemeinsame Ferienfreizeiten und die in diesem Jahr erstmals durchgef\u00fchrte Familienfreizeit am Stechlinsee im Norden des Oberhavelkreises, die auf gro\u00dfe Resonanz gesto\u00dfen sei (wir berichteten). Jede Menge private Kontakte seien in den vergangenen Jahren entstanden. Dar\u00fcber zeigten sich Landrat Karl-Heinz Schr\u00f6ter, Landrat Manfred G\u00f6rig und Landrat a.D. Rudolf Marx besonders erfreut.<\/p>\n","protected":false},"excerpt":{"rendered":"<div class=\"tmnf_excerpt\"><p>Vogelsbergkreis. Aus der partnerschaftlichen Unterst\u00fctzung beim Verwaltungsaufbau kurz nach Wende 1990 ist l\u00e4ngst eine echte Freundschaft geworden. Dies wurde erneut deutlich, als der Vogelsberger Landrat Manfred G\u00f6rig vor wenigen Tagen in Oranienburg dem Partnerkreis in Brandenburg herzlich zum Jubil\u00e4um gratulierte. Vor 20 Jahren, im Dezember 1993, war durch eine Gebietsreform aus Gransee und Oranienburg der &hellip;<\/p>\n<\/div>","protected":false},"author":1,"featured_media":0,"comment_status":"closed","ping_status":"closed","sticky":false,"template":"","format":"standard","meta":{"footnotes":""},"categories":[1],"tags":[],"class_list":["post-118185","post","type-post","status-publish","format-standard","hentry","category-startseite"],"_links":{"self":[{"href":"https:\/\/www.fuldaernachrichten.de\/index.php?rest_route=\/wp\/v2\/posts\/118185","targetHints":{"allow":["GET"]}}],"collection":[{"href":"https:\/\/www.fuldaernachrichten.de\/index.php?rest_route=\/wp\/v2\/posts"}],"about":[{"href":"https:\/\/www.fuldaernachrichten.de\/index.php?rest_route=\/wp\/v2\/types\/post"}],"author":[{"embeddable":true,"href":"https:\/\/www.fuldaernachrichten.de\/index.php?rest_route=\/wp\/v2\/users\/1"}],"replies":[{"embeddable":true,"href":"https:\/\/www.fuldaernachrichten.de\/index.php?rest_route=%2Fwp%2Fv2%2Fcomments&post=118185"}],"version-history":[{"count":1,"href":"https:\/\/www.fuldaernachrichten.de\/index.php?rest_route=\/wp\/v2\/posts\/118185\/revisions"}],"predecessor-version":[{"id":118187,"href":"https:\/\/www.fuldaernachrichten.de\/index.php?rest_route=\/wp\/v2\/posts\/118185\/revisions\/118187"}],"wp:attachment":[{"href":"https:\/\/www.fuldaernachrichten.de\/index.php?rest_route=%2Fwp%2Fv2%2Fmedia&parent=118185"}],"wp:term":[{"taxonomy":"category","embeddable":true,"href":"https:\/\/www.fuldaernachrichten.de\/index.php?rest_route=%2Fwp%2Fv2%2Fcategories&post=118185"},{"taxonomy":"post_tag","embeddable":true,"href":"https:\/\/www.fuldaernachrichten.de\/index.php?rest_route=%2Fwp%2Fv2%2Ftags&post=118185"}],"curies":[{"name":"wp","href":"https:\/\/api.w.org\/{rel}","templated":true}]}}