{"id":118180,"date":"2013-12-23T16:40:27","date_gmt":"2013-12-23T16:40:27","guid":{"rendered":"http:\/\/www.fuldaer-nachrichten.de\/?p=118180"},"modified":"2013-12-23T16:40:27","modified_gmt":"2013-12-23T16:40:27","slug":"weihnachtsliedersingen-in-hilders-eckweisbach-und-tann","status":"publish","type":"post","link":"https:\/\/www.fuldaernachrichten.de\/?p=118180","title":{"rendered":"Weihnachtsliedersingen in Hilders, Eckweisbach und Tann"},"content":{"rendered":"<p>Hilders. Sie geh\u00f6ren zu Weihnachten wie die Pl\u00e4tzchen, der Stollen, die Gans, die Baum, die Kerzen: Weihnachtslieder. Lieder, die unsere Herzen ber\u00fchren, alte und neue, fr\u00f6hliche und besinnliche; Lieder voller Erinnerungen; Lieder, die von Gottes Menschwerdung k\u00fcnden; Lieder, die wir gerne singen. Ohne sie fehlt etwas ganz Entscheidendes.<!--more--><\/p>\n<p>Der Pastoralverbund St. Michael Hohe Rh\u00f6n und die evangelisch-lutherische Kirchengemeinde Tann laden zu drei Veranstaltungen ein, in denen Weihnachtslieder an der Krippe gesungen werden. Jeder darf sich seine Lieblingslieder w\u00fcnschen:<\/p>\n<ul>\n<li>Freitag, 27. Dezember \u00e2\u20ac\u00a2 19 Uhr: <b>Pfarrkirche St. Bartholom\u00e4us, Hilders<\/b><\/li>\n<li>Sonntag, 29. Dezember \u00e2\u20ac\u00a2 15 Uhr: <b>Pfarrkirche St. Michael, Eckweisbach<\/b><\/li>\n<li>Sonntag, 29. Dezember \u00e2\u20ac\u00a2 18 Uhr: <b>Stadtkirche Tann<\/b><\/li>\n<\/ul>\n<p>Der Eintritt ist frei! Kollekte am Ausgang. Pfarrer Kai Kleina, Pfarrer Carsten Noll und Gemeindereferentin Eva-Maria Baumgarten moderieren das Singen. Thomas N\u00fcdling musiziert an der Orgel.<\/p>\n","protected":false},"excerpt":{"rendered":"<div class=\"tmnf_excerpt\"><p>Hilders. Sie geh\u00f6ren zu Weihnachten wie die Pl\u00e4tzchen, der Stollen, die Gans, die Baum, die Kerzen: Weihnachtslieder. Lieder, die unsere Herzen ber\u00fchren, alte und neue, fr\u00f6hliche und besinnliche; Lieder voller Erinnerungen; Lieder, die von Gottes Menschwerdung k\u00fcnden; Lieder, die wir gerne singen. Ohne sie fehlt etwas ganz Entscheidendes.<\/p>\n<\/div>","protected":false},"author":1,"featured_media":0,"comment_status":"closed","ping_status":"closed","sticky":false,"template":"","format":"standard","meta":{"footnotes":""},"categories":[1,44],"tags":[],"class_list":["post-118180","post","type-post","status-publish","format-standard","hentry","category-startseite","category-kultur"],"_links":{"self":[{"href":"https:\/\/www.fuldaernachrichten.de\/index.php?rest_route=\/wp\/v2\/posts\/118180","targetHints":{"allow":["GET"]}}],"collection":[{"href":"https:\/\/www.fuldaernachrichten.de\/index.php?rest_route=\/wp\/v2\/posts"}],"about":[{"href":"https:\/\/www.fuldaernachrichten.de\/index.php?rest_route=\/wp\/v2\/types\/post"}],"author":[{"embeddable":true,"href":"https:\/\/www.fuldaernachrichten.de\/index.php?rest_route=\/wp\/v2\/users\/1"}],"replies":[{"embeddable":true,"href":"https:\/\/www.fuldaernachrichten.de\/index.php?rest_route=%2Fwp%2Fv2%2Fcomments&post=118180"}],"version-history":[{"count":1,"href":"https:\/\/www.fuldaernachrichten.de\/index.php?rest_route=\/wp\/v2\/posts\/118180\/revisions"}],"predecessor-version":[{"id":118181,"href":"https:\/\/www.fuldaernachrichten.de\/index.php?rest_route=\/wp\/v2\/posts\/118180\/revisions\/118181"}],"wp:attachment":[{"href":"https:\/\/www.fuldaernachrichten.de\/index.php?rest_route=%2Fwp%2Fv2%2Fmedia&parent=118180"}],"wp:term":[{"taxonomy":"category","embeddable":true,"href":"https:\/\/www.fuldaernachrichten.de\/index.php?rest_route=%2Fwp%2Fv2%2Fcategories&post=118180"},{"taxonomy":"post_tag","embeddable":true,"href":"https:\/\/www.fuldaernachrichten.de\/index.php?rest_route=%2Fwp%2Fv2%2Ftags&post=118180"}],"curies":[{"name":"wp","href":"https:\/\/api.w.org\/{rel}","templated":true}]}}