{"id":118175,"date":"2013-12-23T16:37:55","date_gmt":"2013-12-23T16:37:55","guid":{"rendered":"http:\/\/www.fuldaer-nachrichten.de\/?p=118175"},"modified":"2013-12-23T16:37:55","modified_gmt":"2013-12-23T16:37:55","slug":"erreichbarkeit-der-verkehrsbehoerde-in-lauterbach-und-alsfeld-zum-jahreswechsel","status":"publish","type":"post","link":"https:\/\/www.fuldaernachrichten.de\/?p=118175","title":{"rendered":"Erreichbarkeit der Verkehrsbeh\u00f6rde in Lauterbach und Alsfeld zum Jahreswechsel"},"content":{"rendered":"<p>Vogelsbergkreis. Die Pressestelle des Vogelsbergkreises weist darauf hin, dass die Kfz-Zulassungstelle und Fahrerlaubnisbeh\u00f6rde in Lauterbach und Alsfeld zum Jahreswechsel ge\u00e4nderte \u00d6ffnungszeiten haben. Die Mitarbeiterinnen und Mitarbeiter in Lauterbach stehen am Freitag,\u00c2\u00a0 27. Dezember, von 7 bis 12 Uhr zur Verf\u00fcgung, w\u00e4hrend in Alsfeld an diesem Tag geschlossen ist. In Alsfeld ist am Montag, 30. Dezember, von 7 bis 12 Uhr ge\u00f6ffnet, daf\u00fcr ist in Lauterbach geschlossen. Dar\u00fcber hinaus k\u00f6nnen f\u00fcr Zulassungsangelegenheiten die M\u00f6glichkeiten der Au\u00dfenstellen in M\u00fccke, Homberg, Schlitz, Grebenhain, Freiensteinau, Schotten und Wartenberg genutzt werden. Auch dort sind ge\u00e4nderte \u00d6ffnungszeiten zu beachten, die bei der jeweiligen Kommune erfragt werden k\u00f6nnen.<\/p>\n","protected":false},"excerpt":{"rendered":"<div class=\"tmnf_excerpt\"><p>Vogelsbergkreis. Die Pressestelle des Vogelsbergkreises weist darauf hin, dass die Kfz-Zulassungstelle und Fahrerlaubnisbeh\u00f6rde in Lauterbach und Alsfeld zum Jahreswechsel ge\u00e4nderte \u00d6ffnungszeiten haben. Die Mitarbeiterinnen und Mitarbeiter in Lauterbach stehen am Freitag,\u00c2\u00a0 27. Dezember, von 7 bis 12 Uhr zur Verf\u00fcgung, w\u00e4hrend in Alsfeld an diesem Tag geschlossen ist. In Alsfeld ist am Montag, 30. Dezember, &hellip;<\/p>\n<\/div>","protected":false},"author":1,"featured_media":0,"comment_status":"closed","ping_status":"closed","sticky":false,"template":"","format":"standard","meta":{"footnotes":""},"categories":[1,35],"tags":[],"class_list":["post-118175","post","type-post","status-publish","format-standard","hentry","category-startseite","category-auto"],"_links":{"self":[{"href":"https:\/\/www.fuldaernachrichten.de\/index.php?rest_route=\/wp\/v2\/posts\/118175","targetHints":{"allow":["GET"]}}],"collection":[{"href":"https:\/\/www.fuldaernachrichten.de\/index.php?rest_route=\/wp\/v2\/posts"}],"about":[{"href":"https:\/\/www.fuldaernachrichten.de\/index.php?rest_route=\/wp\/v2\/types\/post"}],"author":[{"embeddable":true,"href":"https:\/\/www.fuldaernachrichten.de\/index.php?rest_route=\/wp\/v2\/users\/1"}],"replies":[{"embeddable":true,"href":"https:\/\/www.fuldaernachrichten.de\/index.php?rest_route=%2Fwp%2Fv2%2Fcomments&post=118175"}],"version-history":[{"count":1,"href":"https:\/\/www.fuldaernachrichten.de\/index.php?rest_route=\/wp\/v2\/posts\/118175\/revisions"}],"predecessor-version":[{"id":118176,"href":"https:\/\/www.fuldaernachrichten.de\/index.php?rest_route=\/wp\/v2\/posts\/118175\/revisions\/118176"}],"wp:attachment":[{"href":"https:\/\/www.fuldaernachrichten.de\/index.php?rest_route=%2Fwp%2Fv2%2Fmedia&parent=118175"}],"wp:term":[{"taxonomy":"category","embeddable":true,"href":"https:\/\/www.fuldaernachrichten.de\/index.php?rest_route=%2Fwp%2Fv2%2Fcategories&post=118175"},{"taxonomy":"post_tag","embeddable":true,"href":"https:\/\/www.fuldaernachrichten.de\/index.php?rest_route=%2Fwp%2Fv2%2Ftags&post=118175"}],"curies":[{"name":"wp","href":"https:\/\/api.w.org\/{rel}","templated":true}]}}