{"id":118170,"date":"2013-12-23T16:35:56","date_gmt":"2013-12-23T16:35:56","guid":{"rendered":"http:\/\/www.fuldaer-nachrichten.de\/?p=118170"},"modified":"2013-12-23T16:35:56","modified_gmt":"2013-12-23T16:35:56","slug":"katholikentag-wird-klimaneutral-entscheidung-ist-wegweisendes-signal","status":"publish","type":"post","link":"https:\/\/www.fuldaernachrichten.de\/?p=118170","title":{"rendered":"Katholikentag wird klimaneutral &#8211; Entscheidung ist wegweisendes Signal"},"content":{"rendered":"<p>Fulda, Geisa, Hanau, Kassel, Marburg (mz) Der Katholikentag in Regensburg wird klimaneutral. Ziel ist, den Aussto\u00df von CO2 vermeiden, wo nicht m\u00f6glich, ihn verringern und in einem letzten Schritt, ihn ausgleichen. Der Vorsitzende des Fuldaer Katholikenrates Steffen Flicker hat die Entscheidung, den Katholikentag CO2-neutral zu organisieren, begr\u00fc\u00dft. \u201eVor dem Hintergrund aktueller Studien zum globalen Klimawandel ist diese Ma\u00dfnahme ein wegweisendes Signal, das das Thema Nachhaltigkeit klar in den Vordergrund stellt.&#8221;<!--more--><\/p>\n<p>Tausende ehrenamtliche Helfende m\u00fcssen verpflegt werden, die B\u00fchnentechnik verbraucht Energie und der Dinge mehr &#8211; Katholikentage sind Gro\u00dfveranstaltungen, die langer Vorbereitung bed\u00fcrfen und Zehntausende von Menschen mobilisieren. Gerade deshalb ist es so wichtig, dass der Katholikentag ganz bewusst auf Nachhaltigkeit achtet. \u201eNachhaltigkeit hei\u00dft, \u00fcber die momentane N\u00fctzlichkeit hinaus langfristig zu denken und Zukunftsverantwortung zu \u00fcbernehmen\u201c, erkl\u00e4rt Martin Stauch, Gesch\u00e4ftsf\u00fchrer des Katholikentags.<br \/>\n<strong>\u00c2\u00a0<\/strong><br \/>\n<strong>Ausgleichsprojekt \u201eSolarlampen in Indien\u201c<\/strong><br \/>\nAlle Emissionen, die der Katholikentag direkt verursacht, werden in Tonnen CO2 umgerechnet. F\u00fcr den entsprechenden Betrag werden dann bei der Klima-Kollekte Zertifikate gekauft. \u201eSolarlampen in Indien\u201c, das nach dem Gold-Standard zertifizierte Ausgleichsprojekt der Klima-Kollekte, f\u00f6rdert wiederum den Einsatz eben so vieler Solarlampen wie n\u00f6tig, um die beim Katholikentag verursachten Emissionen in Indien zu neutralisieren. Damit nimmt der Katholikentag den Sch\u00f6pfungsauftrag ernst. \u201eAls Kirche in der Welt stehen wir alle in der Verantwortung, die Sch\u00f6pfung zu bewahren und f\u00fcr die W\u00fcrde aller Menschen einzutreten\u201c, so Stauch.<\/p>\n<p><strong>Klimaneutrales Dorf<\/strong><br \/>\nDreh- und Angelpunkt des klimaneutralen Katholikentags ist das \u201eKlimaneutrale Dorf\u201c auf dem Campus der Universit\u00e4t. Hier k\u00f6nnen die G\u00e4ste zahlreiche Anregungen mitnehmen, wie Ressourcen geschont und die Sch\u00f6pfung bewahrt werden kann. \u00dcber zehn Verpflegungsst\u00e4nde pr\u00e4sentieren Vielfalt und Qualit\u00e4t ihrer Produkte aus biologischem Anbau. Ebenfalls wichtige Kriterien: faire Handelsbedingungen, regionaler Anbau und saisonale Angebote. Eine Ausstellung zum Ausgleichsprojekt soll das Bewusstsein f\u00fcr klimaneutrales Handeln sch\u00e4rfen.<\/p>\n<p>Ein besonderes Schmankerl ist die zweite Ausstellung zum Thema Upcycling. \u201eW\u00e4hrend es bei Recycling darum geht, den Altstoff in seine Bestandteile zu zersetzen und so M\u00fcll zu vermeiden, werden hier neue aus alten Produkten gemacht. Der Energieaufwand ist dadurch geringer. Der Vorteil: Die Objekte sind nicht nur sch\u00f6n, sondern auch originell und individuell\u201c, meint Wolfgang Ehrenlechner, Bundesvorsitzender der Katholischen Landjugendbewegung Deutschlands (KLJB). Als Mitglied im Umweltbeirat unterst\u00fctzt er den Katholikentag bei der Ideenfindung und Umsetzung von Ma\u00dfnahmen zum Schutze der Umwelt.<\/p>\n<p>Und tats\u00e4chlich: Wer hat schon einen Teppich aus PET-Flaschen? Oder erinnern Sie sich noch an den Medizinball im Sportunterricht? H\u00e4tten Sie gedacht, dass man daraus eine schicke Ledertasche machen kann?<\/p>\n<p>Auch die G\u00e4ste sind gefragt: Emissionen bereits bei der Anreise ausgleichen Keine Gro\u00dfveranstaltung kann g\u00e4nzlich ohne klimasch\u00e4dliche Emissionen auskommen. Schon die An- und Abreise der G\u00e4ste belastet die Umwelt. Deshalb bittet der Katholikentag die G\u00e4ste, ihre Anreise klimaneutral zu gestalten und stellt einen Klimarechner zu Verf\u00fcgung. Er berechnet individuell nach Verkehrsmittel und Strecke, wie viel Kohlenstoffdioxid entsteht: www.katholikentag.de\/klimaneutral.Der vorgeschlagene Kompensationsbetrag ist nat\u00fcrlich freiwillig und geht vollst\u00e4ndig an \u201eSolarlampen f\u00fcr Indien\u201c.<\/p>\n<p><strong>Zentrum \u201eGlobale Verantwortung und europ\u00e4ische Nachbarschaft\u201c<\/strong><br \/>\nDer verantwortliche Umgang mit unserer Sch\u00f6pfung ist grunds\u00e4tzlich fest verankert im Programm. Im Zentrum \u201eGlobale Verantwortung und europ\u00e4ische Nachbarschaft\u201c, ebenfalls auf dem Campus, finden zahlreiche kleinere und gr\u00f6\u00dfere Veranstaltungen rund um das Thema statt. Die Finanzkrise hat gezeigt, wie wichtig es ist, politische, gesellschaftliche und wirtschaftliche Entscheidungen nicht einseitig an kurzfristigen Zielen auszurichten. Podien und Mitmachangebote, Werkst\u00e4tten und Ausstellungen gehen der Frage nach, welche Weichenstellungen insbesondere in der Klima- und Energiepolitik, aber auch im pers\u00f6nlichen Lebensstil n\u00f6tig sind, um nicht l\u00e4nger auf Kosten der Natur und k\u00fcnftiger Generationen zu leben.<\/p>\n<p>Die Marke \u201eKlimaneutraler Katholikentag\u201c wurde beim 97. Deutschen Katholikentag in Osnabr\u00fcck ins Leben gerufen und setzte damals Ma\u00dfst\u00e4be f\u00fcr das Umweltmanagement christlicher Gro\u00dfveranstaltungen. Das Projekt \u201eZukunftsf\u00e4hig leben\u201c des 98. Deutschen Katholikentags in Mannheim setzte sie leicht abgewandelt fort. Der Katholikentag in Regensburg kn\u00fcpft an diese noch junge Tradition an und ist damit der dritte klimaneutrale Katholikentag.<\/p>\n","protected":false},"excerpt":{"rendered":"<div class=\"tmnf_excerpt\"><p>Fulda, Geisa, Hanau, Kassel, Marburg (mz) Der Katholikentag in Regensburg wird klimaneutral. Ziel ist, den Aussto\u00df von CO2 vermeiden, wo nicht m\u00f6glich, ihn verringern und in einem letzten Schritt, ihn ausgleichen. Der Vorsitzende des Fuldaer Katholikenrates Steffen Flicker hat die Entscheidung, den Katholikentag CO2-neutral zu organisieren, begr\u00fc\u00dft. \u201eVor dem Hintergrund aktueller Studien zum globalen Klimawandel &hellip;<\/p>\n<\/div>","protected":false},"author":1,"featured_media":0,"comment_status":"closed","ping_status":"closed","sticky":false,"template":"","format":"standard","meta":{"footnotes":""},"categories":[1,50],"tags":[],"class_list":["post-118170","post","type-post","status-publish","format-standard","hentry","category-startseite","category-kirche"],"_links":{"self":[{"href":"https:\/\/www.fuldaernachrichten.de\/index.php?rest_route=\/wp\/v2\/posts\/118170","targetHints":{"allow":["GET"]}}],"collection":[{"href":"https:\/\/www.fuldaernachrichten.de\/index.php?rest_route=\/wp\/v2\/posts"}],"about":[{"href":"https:\/\/www.fuldaernachrichten.de\/index.php?rest_route=\/wp\/v2\/types\/post"}],"author":[{"embeddable":true,"href":"https:\/\/www.fuldaernachrichten.de\/index.php?rest_route=\/wp\/v2\/users\/1"}],"replies":[{"embeddable":true,"href":"https:\/\/www.fuldaernachrichten.de\/index.php?rest_route=%2Fwp%2Fv2%2Fcomments&post=118170"}],"version-history":[{"count":1,"href":"https:\/\/www.fuldaernachrichten.de\/index.php?rest_route=\/wp\/v2\/posts\/118170\/revisions"}],"predecessor-version":[{"id":118171,"href":"https:\/\/www.fuldaernachrichten.de\/index.php?rest_route=\/wp\/v2\/posts\/118170\/revisions\/118171"}],"wp:attachment":[{"href":"https:\/\/www.fuldaernachrichten.de\/index.php?rest_route=%2Fwp%2Fv2%2Fmedia&parent=118170"}],"wp:term":[{"taxonomy":"category","embeddable":true,"href":"https:\/\/www.fuldaernachrichten.de\/index.php?rest_route=%2Fwp%2Fv2%2Fcategories&post=118170"},{"taxonomy":"post_tag","embeddable":true,"href":"https:\/\/www.fuldaernachrichten.de\/index.php?rest_route=%2Fwp%2Fv2%2Ftags&post=118170"}],"curies":[{"name":"wp","href":"https:\/\/api.w.org\/{rel}","templated":true}]}}