{"id":118165,"date":"2013-12-21T00:20:40","date_gmt":"2013-12-21T00:20:40","guid":{"rendered":"http:\/\/www.fuldaer-nachrichten.de\/?p=118165"},"modified":"2013-12-19T18:13:07","modified_gmt":"2013-12-19T18:13:07","slug":"viele-jahre-mit-dem-unternehmen-verbunden-mitarbeiter-von-atzertweber-geehrt","status":"publish","type":"post","link":"https:\/\/www.fuldaernachrichten.de\/?p=118165","title":{"rendered":"Viele Jahre mit dem Unternehmen verbunden &#8211; Mitarbeiter von atzert:weber geehrt"},"content":{"rendered":"<div id=\"attachment_118166\" style=\"width: 275px\" class=\"wp-caption alignleft\"><a href=\"http:\/\/www.fuldaer-nachrichten.de\/wp-content\/uploads\/2013\/12\/aw_Jubilare2013.jpg\"><img decoding=\"async\" aria-describedby=\"caption-attachment-118166\" class=\"size-thumbnail wp-image-118166\" alt=\"Die Geehrten und die Ehrenden (von links): Werner Atzert (gesch\u00e4ftsf\u00fchrender Gesellschafter), Oliver Heger, Ralph Bug, Ronald Schramm, Michael Gitter, Thomas Weber (Gesellschafter). Es fehlt Stefanie Br\u00e4hler.    \" src=\"http:\/\/www.fuldaer-nachrichten.de\/wp-content\/uploads\/2013\/12\/aw_Jubilare2013-265x183.jpg\" width=\"265\" height=\"183\" srcset=\"https:\/\/www.fuldaernachrichten.de\/wp-content\/uploads\/2013\/12\/aw_Jubilare2013-265x183.jpg 265w, https:\/\/www.fuldaernachrichten.de\/wp-content\/uploads\/2013\/12\/aw_Jubilare2013.jpg 600w\" sizes=\"(max-width: 265px) 100vw, 265px\" \/><\/a><p id=\"caption-attachment-118166\" class=\"wp-caption-text\">Die Geehrten und die Ehrenden (von links): Werner Atzert (gesch\u00e4ftsf\u00fchrender Gesellschafter), Oliver Heger, Ralph Bug, Ronald Schramm, Michael Gitter, Thomas Weber (Gesellschafter). Es fehlt Stefanie Br\u00e4hler.<\/p><\/div>\n<p>Fulda. In weihnachtlicher Atmosph\u00e4re ehrten Werner Atzert und Thomas Weber, beide Gesellschafter der atzert:weber Gruppe, dieser Tage f\u00fcnf Mitarbeiterinnen und Mitarbeiter f\u00fcr ihre 10, 20 und 30-j\u00e4hrige Betriebszugeh\u00f6rigkeit. Im Rahmen der diesj\u00e4hrigen Weihnachtsfeier im Kreise der Belegschaft wurden Dankesworte, Urkunden und Pr\u00e4mien feierlich \u00fcbergeben.<!--more--><\/p>\n<p>Dieses Jahr sind ein Mitarbeiter f\u00fcr 30 Jahre sowie je zwei Mitarbeiter f\u00fcr 20 und f\u00fcr 10 Jahre Unternehmenszugeh\u00f6rigkeit geehrt worden. Michael Gitter trat vor 30 Jahren als gelernter Kfz-Mechaniker in das Unternehmen ein. Er war zuerst als Autolackierer und anschlie\u00dfend bis zum heutigen Tag als Karosseriebauer t\u00e4tig. Ronald Schramm begann mit einer Ausbildung zum B\u00fcrokaufmann. Nach erfolgreicher Pr\u00fcfung wurde er als Verkaufsberater \u00fcbernommen.<\/p>\n<p>Nach dem Zivildienst wurde er zum Audi-Verk\u00e4ufer ausgebildet. Seit 2003 ist er f\u00fcr die Gro\u00dfkunden der atzert:weber Gruppe zust\u00e4ndig. Auch Ralph Bug begann mit einer Ausbildung in der Unternehmensgruppe. Durch seinen erfolgreichen Abschluss zum Kfz-Mechaniker und mehreren Lehrg\u00e4ngen die er seither absolvierte, ist er nun in seinem 20. Besch\u00e4ftigungsjahr. Auch Oliver Heger ist in der Werkstatt als Kfz-Mechaniker t\u00e4tig und feiert in diesem Jahr seine 10-j\u00e4hrige Betriebszugeh\u00f6rigkeit im Volkswagen Zentrum Fulda.<\/p>\n<p>Stefanie Br\u00e4hler wurde vor 10 Jahren zur Automobilkauffrau ausgebildet. Nach einer vorgezogenen Abschlusspr\u00fcfung war Sie in den ersten Jahren in der Buchhaltung im Autohaus Atzert in Gro\u00dfenl\u00fcder t\u00e4tig. Seit ihrer R\u00fcckkehr aus der Elternzeit arbeitet Sie als Teilzeitmitarbeiterin in der Debitorenbuchhaltung im Volkswagen Zentrum Fulda.<\/p>\n","protected":false},"excerpt":{"rendered":"<div class=\"tmnf_excerpt\"><p>Fulda. In weihnachtlicher Atmosph\u00e4re ehrten Werner Atzert und Thomas Weber, beide Gesellschafter der atzert:weber Gruppe, dieser Tage f\u00fcnf Mitarbeiterinnen und Mitarbeiter f\u00fcr ihre 10, 20 und 30-j\u00e4hrige Betriebszugeh\u00f6rigkeit. Im Rahmen der diesj\u00e4hrigen Weihnachtsfeier im Kreise der Belegschaft wurden Dankesworte, Urkunden und Pr\u00e4mien feierlich \u00fcbergeben.<\/p>\n<\/div>","protected":false},"author":1,"featured_media":0,"comment_status":"closed","ping_status":"closed","sticky":false,"template":"","format":"standard","meta":{"footnotes":""},"categories":[1,29],"tags":[],"class_list":["post-118165","post","type-post","status-publish","format-standard","hentry","category-startseite","category-politik"],"_links":{"self":[{"href":"https:\/\/www.fuldaernachrichten.de\/index.php?rest_route=\/wp\/v2\/posts\/118165","targetHints":{"allow":["GET"]}}],"collection":[{"href":"https:\/\/www.fuldaernachrichten.de\/index.php?rest_route=\/wp\/v2\/posts"}],"about":[{"href":"https:\/\/www.fuldaernachrichten.de\/index.php?rest_route=\/wp\/v2\/types\/post"}],"author":[{"embeddable":true,"href":"https:\/\/www.fuldaernachrichten.de\/index.php?rest_route=\/wp\/v2\/users\/1"}],"replies":[{"embeddable":true,"href":"https:\/\/www.fuldaernachrichten.de\/index.php?rest_route=%2Fwp%2Fv2%2Fcomments&post=118165"}],"version-history":[{"count":1,"href":"https:\/\/www.fuldaernachrichten.de\/index.php?rest_route=\/wp\/v2\/posts\/118165\/revisions"}],"predecessor-version":[{"id":118167,"href":"https:\/\/www.fuldaernachrichten.de\/index.php?rest_route=\/wp\/v2\/posts\/118165\/revisions\/118167"}],"wp:attachment":[{"href":"https:\/\/www.fuldaernachrichten.de\/index.php?rest_route=%2Fwp%2Fv2%2Fmedia&parent=118165"}],"wp:term":[{"taxonomy":"category","embeddable":true,"href":"https:\/\/www.fuldaernachrichten.de\/index.php?rest_route=%2Fwp%2Fv2%2Fcategories&post=118165"},{"taxonomy":"post_tag","embeddable":true,"href":"https:\/\/www.fuldaernachrichten.de\/index.php?rest_route=%2Fwp%2Fv2%2Ftags&post=118165"}],"curies":[{"name":"wp","href":"https:\/\/api.w.org\/{rel}","templated":true}]}}