{"id":118153,"date":"2013-12-21T00:13:33","date_gmt":"2013-12-21T00:13:33","guid":{"rendered":"http:\/\/www.fuldaer-nachrichten.de\/?p=118153"},"modified":"2013-12-19T17:50:57","modified_gmt":"2013-12-19T17:50:57","slug":"lichterkonzert-im-dom-3","status":"publish","type":"post","link":"https:\/\/www.fuldaernachrichten.de\/?p=118153","title":{"rendered":"Lichterkonzert im Dom"},"content":{"rendered":"<p>Fulda (bpf). Weihnachtliche Chor- und Orgelmusik wird am Samstag, 4. Januar, wieder im kerzenerleuchteten Fuldaer Dom erklingen. Beginn des \u201eLichterkonzerts\u201c ist um 20 Uhr. Auf dem Programm stehen Werke von G. Gabrieli, D. Buxtehude, M. Praetorius, J. S. Bach, G. F. H\u00e4ndel, A. Guilmant, C. M. Widor, F. Lehrndorfer, S. Karg-Elert, D. Willcocks, J. Pfiester und G. Near. Ausf\u00fchrende sind der Jugendkathedralchor Fulda unter Leitung von Domkapellmeister Franz-Peter Huber und das Blechbl\u00e4serensemble \u201eQuincy Brass\u201c sowie an der Domorgel Domorganist Prof. Hans-J\u00fcrgen Kaiser. Am Ausgang wird um eine Spende f\u00fcr die kirchenmusikalische Arbeit am Dom gebeten. Das Konzert wird vom Modehaus Erna Schneider unterst\u00fctzt.<!--more--><\/p>\n<p>Das Besondere an diesem Konzert ist das Erklingen der Musik im von ungez\u00e4hlten kleinen Kerzen erleuchteten Raum des Doms, wodurch in der Kathedralkirche eine durch und durch weihnachtliche Atmosph\u00e4re entsteht. Das Lichterkonzert wurde von Prof. Kaiser vor zwanzig Jahren initiiert. \u201eZun\u00e4chst wurde das Konzert von Orgel und Bl\u00e4sern gestaltet, dann kamen auch die Ch\u00f6re hinzu\u201c, erinnert sich der Domorganist. Domkapellmeister Huber macht deutlich: \u201eF\u00fcr viele ist Weihnachten mit dem 24. Dezember vorbei. Wir wollen mit dem Konzert einen Akzent daf\u00fcr setzen, dass Weihnachten noch weitergeht.\u201c Die Bedeutung des Festes der Geburt Jesu Christi werde vermittels der weihnachtlichen Orgel- und Chormusik besonders intensiv erlebbar.<\/p>\n","protected":false},"excerpt":{"rendered":"<div class=\"tmnf_excerpt\"><p>Fulda (bpf). Weihnachtliche Chor- und Orgelmusik wird am Samstag, 4. Januar, wieder im kerzenerleuchteten Fuldaer Dom erklingen. Beginn des \u201eLichterkonzerts\u201c ist um 20 Uhr. Auf dem Programm stehen Werke von G. Gabrieli, D. Buxtehude, M. Praetorius, J. S. Bach, G. F. H\u00e4ndel, A. Guilmant, C. M. Widor, F. Lehrndorfer, S. Karg-Elert, D. Willcocks, J. Pfiester &hellip;<\/p>\n<\/div>","protected":false},"author":1,"featured_media":0,"comment_status":"closed","ping_status":"closed","sticky":false,"template":"","format":"standard","meta":{"footnotes":""},"categories":[1,50],"tags":[],"class_list":["post-118153","post","type-post","status-publish","format-standard","hentry","category-startseite","category-kirche"],"_links":{"self":[{"href":"https:\/\/www.fuldaernachrichten.de\/index.php?rest_route=\/wp\/v2\/posts\/118153","targetHints":{"allow":["GET"]}}],"collection":[{"href":"https:\/\/www.fuldaernachrichten.de\/index.php?rest_route=\/wp\/v2\/posts"}],"about":[{"href":"https:\/\/www.fuldaernachrichten.de\/index.php?rest_route=\/wp\/v2\/types\/post"}],"author":[{"embeddable":true,"href":"https:\/\/www.fuldaernachrichten.de\/index.php?rest_route=\/wp\/v2\/users\/1"}],"replies":[{"embeddable":true,"href":"https:\/\/www.fuldaernachrichten.de\/index.php?rest_route=%2Fwp%2Fv2%2Fcomments&post=118153"}],"version-history":[{"count":1,"href":"https:\/\/www.fuldaernachrichten.de\/index.php?rest_route=\/wp\/v2\/posts\/118153\/revisions"}],"predecessor-version":[{"id":118154,"href":"https:\/\/www.fuldaernachrichten.de\/index.php?rest_route=\/wp\/v2\/posts\/118153\/revisions\/118154"}],"wp:attachment":[{"href":"https:\/\/www.fuldaernachrichten.de\/index.php?rest_route=%2Fwp%2Fv2%2Fmedia&parent=118153"}],"wp:term":[{"taxonomy":"category","embeddable":true,"href":"https:\/\/www.fuldaernachrichten.de\/index.php?rest_route=%2Fwp%2Fv2%2Fcategories&post=118153"},{"taxonomy":"post_tag","embeddable":true,"href":"https:\/\/www.fuldaernachrichten.de\/index.php?rest_route=%2Fwp%2Fv2%2Ftags&post=118153"}],"curies":[{"name":"wp","href":"https:\/\/api.w.org\/{rel}","templated":true}]}}