{"id":118144,"date":"2013-12-20T00:10:01","date_gmt":"2013-12-20T00:10:01","guid":{"rendered":"http:\/\/www.fuldaer-nachrichten.de\/?p=118144"},"modified":"2013-12-19T11:44:30","modified_gmt":"2013-12-19T11:44:30","slug":"kinderuniversitaet-2014-programmhefte-ab-januar-in-der-kaf-erhaeltlich","status":"publish","type":"post","link":"https:\/\/www.fuldaernachrichten.de\/?p=118144","title":{"rendered":"Kinderuniversit\u00e4t 2014 \u2013  Programmhefte ab Januar in der KAF erh\u00e4ltlich"},"content":{"rendered":"<p>Fulda. Die Kinder-Akademie Fulda veranstaltet in Kooperation mit der Hochschule Fulda zu Beginn jeden Jahres eine Kinderuniversit\u00e4t, bei der Referenten aus Wissenschaft, Medizin, Wirtschaft und Kultur Kinder zwischen 8 und 12 Jahren Fachfragen aus ihren Wissensgebieten erl\u00e4utern. Die Veranstaltungsreihe startet am 29. Januar und endet am 26. M\u00e4rz 2014. Die Vorlesegeb\u00fchr betr\u00e4gt 1,50 Euro und ist in der Kinder-Akademie Fulda sowie eine viertel Stunde vor der Veranstaltung vor Ort zu zahlen (nur bei nicht ausgebuchten Veranstaltungen!).<!--more--><\/p>\n<p><b><span style=\"text-decoration: underline;\">Vorlesungen:<\/span><\/b><\/p>\n<p><b>29. Januar 2014<br \/>\n<\/b>Die Mobilit\u00e4t der Zukunft<br \/>\nDipl.-Ing. Gerhard Becker, Fahrzeugentwicklung Elektrik\/Elektronik, EDAG Fulda<br \/>\nVeranstaltungsort: EDAG Fulda, Showroom<\/p>\n<p><b>5. Februar 2014<br \/>\n<\/b>Leistenbruch \u2013 Nabelbruch. Was ist das denn? Was macht man da?<br \/>\nDr. Christian Berkhoff, Allgemein- und Viszeralchirurgie, Herz-Jesu-Krankenhaus Fulda<br \/>\nVeranstaltungsort: Herz-Jesu-Krankenhaus Fulda, Foyer<\/p>\n<p><b>12. Februar 2014<\/b><\/p>\n<p>Der schmerzfreie Blick in den K\u00f6rper. Herr R\u00f6ntgen und die geheimnisvollen X-Strahlen.<br \/>\nProf. Dr. Christoph Manke, Diagnostische und Interventionelle Radiologie, Klinikum Fulda<br \/>\nVeranstaltungsort: Klinikum Fulda, H\u00f6rsaal<\/p>\n<p><b>19. Februar 2014<\/b><\/p>\n<p>Was macht eigentlich ein Di\u00f6zesanbaumeister?<br \/>\nDr. Burghard Preusler, Di\u00f6zesanbaumeister, Bistum Fulda<br \/>\nVeranstaltungsort: Kirche St. Andreas, Fulda-Neuenberg<br \/>\nTeilnehmerzahl begrenzt<\/p>\n<p><b>26. Februar 2014<\/b><\/p>\n<p>Studentenfutter &amp; mehr \u2013 wie viele Kartoffeln essen die Studierenden?<br \/>\nProf. Dr. Stephanie Hagspihl, Fachbereich Oecotrophologie, Hochschule Fulda<br \/>\nVeranstaltungsort: Hochschule Fulda, Mensa<br \/>\n10.00 Uhr f\u00fcr Schulklassen<br \/>\n16.00 Uhr f\u00fcr Einzelpersonen<br \/>\nTeilnehmerzahl begrenzt<\/p>\n<p><b>12. M\u00e4rz 2014<\/b><\/p>\n<p>Die Entwicklung des Universum &#8211; womit sich Kosmologen besch\u00e4ftigen<br \/>\nProf. Dr. Alexander Osipowicz, Fachbereich Elektrotechnik und Informationstechnik, Hochschule Fulda<br \/>\nVeranstaltungsort: Hochschule Fulda, Raum K 115<br \/>\n10.00 Uhr f\u00fcr Schulklassen<br \/>\n16.00 Uhr f\u00fcr Einzelpersonen<\/p>\n<p><b>19. M\u00e4rz 2014<\/p>\n<p><\/b>112 \u2013 was macht die Feuerwehr, wenn ein Notruf eingeht?<br \/>\nMelanie Medler, L\u00f6schmeisterin, Feuerwehr Fulda<br \/>\nVeranstaltungsort: Hauptst\u00fctzpunkt Feuerwache, Fulda-Neuenberg, An St. Florian 4<br \/>\nTeilnehmerzahl begrenzt<\/p>\n<p><b>26. M\u00e4rz 2014<br \/>\n<\/b>Chips &amp; Co. &#8211; Snacks f\u00fcr K\u00f6rper und Geist?<br \/>\nProf. Dr. Joachim J. Schmitt, Fachbereich Lebensmitteltechnologie, Hochschule Fulda<br \/>\nVeranstaltungsort: Hochschule Fulda<br \/>\n10.00 Uhr f\u00fcr Schulklassen, Halle 8<br \/>\n16.00 Uhr f\u00fcr Einzelpersonen, Raum K 115<\/p>\n","protected":false},"excerpt":{"rendered":"<div class=\"tmnf_excerpt\"><p>Fulda. Die Kinder-Akademie Fulda veranstaltet in Kooperation mit der Hochschule Fulda zu Beginn jeden Jahres eine Kinderuniversit\u00e4t, bei der Referenten aus Wissenschaft, Medizin, Wirtschaft und Kultur Kinder zwischen 8 und 12 Jahren Fachfragen aus ihren Wissensgebieten erl\u00e4utern. Die Veranstaltungsreihe startet am 29. Januar und endet am 26. M\u00e4rz 2014. Die Vorlesegeb\u00fchr betr\u00e4gt 1,50 Euro und &hellip;<\/p>\n<\/div>","protected":false},"author":1,"featured_media":0,"comment_status":"closed","ping_status":"closed","sticky":false,"template":"","format":"standard","meta":{"footnotes":""},"categories":[1,53],"tags":[],"class_list":["post-118144","post","type-post","status-publish","format-standard","hentry","category-startseite","category-bildung"],"_links":{"self":[{"href":"https:\/\/www.fuldaernachrichten.de\/index.php?rest_route=\/wp\/v2\/posts\/118144","targetHints":{"allow":["GET"]}}],"collection":[{"href":"https:\/\/www.fuldaernachrichten.de\/index.php?rest_route=\/wp\/v2\/posts"}],"about":[{"href":"https:\/\/www.fuldaernachrichten.de\/index.php?rest_route=\/wp\/v2\/types\/post"}],"author":[{"embeddable":true,"href":"https:\/\/www.fuldaernachrichten.de\/index.php?rest_route=\/wp\/v2\/users\/1"}],"replies":[{"embeddable":true,"href":"https:\/\/www.fuldaernachrichten.de\/index.php?rest_route=%2Fwp%2Fv2%2Fcomments&post=118144"}],"version-history":[{"count":1,"href":"https:\/\/www.fuldaernachrichten.de\/index.php?rest_route=\/wp\/v2\/posts\/118144\/revisions"}],"predecessor-version":[{"id":118145,"href":"https:\/\/www.fuldaernachrichten.de\/index.php?rest_route=\/wp\/v2\/posts\/118144\/revisions\/118145"}],"wp:attachment":[{"href":"https:\/\/www.fuldaernachrichten.de\/index.php?rest_route=%2Fwp%2Fv2%2Fmedia&parent=118144"}],"wp:term":[{"taxonomy":"category","embeddable":true,"href":"https:\/\/www.fuldaernachrichten.de\/index.php?rest_route=%2Fwp%2Fv2%2Fcategories&post=118144"},{"taxonomy":"post_tag","embeddable":true,"href":"https:\/\/www.fuldaernachrichten.de\/index.php?rest_route=%2Fwp%2Fv2%2Ftags&post=118144"}],"curies":[{"name":"wp","href":"https:\/\/api.w.org\/{rel}","templated":true}]}}