{"id":118135,"date":"2013-12-20T00:14:49","date_gmt":"2013-12-20T00:14:49","guid":{"rendered":"http:\/\/www.fuldaer-nachrichten.de\/?p=118135"},"modified":"2013-12-19T11:34:41","modified_gmt":"2013-12-19T11:34:41","slug":"caritas-projektchor-65-plus-ein-eigenes-elektropiano-zur-weihnachtsfeier","status":"publish","type":"post","link":"https:\/\/www.fuldaernachrichten.de\/?p=118135","title":{"rendered":"Caritas-Projektchor 65 plus: Ein eigenes Elektropiano zur Weihnachtsfeier"},"content":{"rendered":"<p><b><a href=\"http:\/\/www.fuldaer-nachrichten.de\/wp-content\/uploads\/2013\/12\/zu-104-cs_Caritas-chor_Piano_CS_1213_IMG_2579.jpg\"><img decoding=\"async\" class=\"alignleft size-thumbnail wp-image-118136\" alt=\"zu 104-cs_Caritas-chor_Piano_CS_1213_IMG_2579\" src=\"http:\/\/www.fuldaer-nachrichten.de\/wp-content\/uploads\/2013\/12\/zu-104-cs_Caritas-chor_Piano_CS_1213_IMG_2579-265x154.jpg\" width=\"265\" height=\"154\" srcset=\"https:\/\/www.fuldaernachrichten.de\/wp-content\/uploads\/2013\/12\/zu-104-cs_Caritas-chor_Piano_CS_1213_IMG_2579-265x154.jpg 265w, https:\/\/www.fuldaernachrichten.de\/wp-content\/uploads\/2013\/12\/zu-104-cs_Caritas-chor_Piano_CS_1213_IMG_2579.jpg 600w\" sizes=\"(max-width: 265px) 100vw, 265px\" \/><\/a>Fulda (cif).<\/b> Im wahrsten Sinne \u201ewie Weihnachten\u201c wurde es den Mitgliedern des Caritas-Projektchores 65 plus mit der Chorleiterin Schwester Hildegard Wolters auf ihrer Chor-Adventsfeier, als Di\u00f6zesan-Caritasdirektor Dr. Markus Juch und der Referent Gemeindecaritas, Ewald Vogel, ein hinter einem Paravent verstecktes elektronisches Klavier pr\u00e4sentierten. Es sei ein Geschenk der Caritas an den Chor, der \u2013 wie Caritasdirektor Juch ausf\u00fchrte \u2013 bereits seit mehreren Jahren bei vielen wichtigen Veranstaltungen f\u00fcr den angemessenen musikalischen Rahmen gesorgt habe. Nun, so Juch weiter, sei der Chor bestens ausger\u00fcstet, um auch im kommenden Jahr unter der bew\u00e4hrten Leitung von Schwester Hildegard aktiv zu sein.<!--more--><\/p>\n<p>Bereits jetzt stehen mehrere Auftritte f\u00fcr den Projektchor 65 plus im neuen Jahr fest, der im Jahr 2010 f\u00fcr ein Konzert anl\u00e4sslich des damaligen Caritas-Sonntages gegr\u00fcndet worden war. Wichtigster Auftritt 2014 wird dabei bestimmt der Bischofs-Gottesdienst anl\u00e4sslich der Er\u00f6ffnung der Bundes-Delegiertenkonferenz des Deutschen Caritasverbandes sein. Und auch beim Festakt zum Elisabethpreis wird der Chor wieder mit dabei sein.<\/p>\n<p>Neue S\u00e4ngerinnen und S\u00e4nger, so unterstreicht Gemeindecaritas-Referent Vogel, sind bei dem Seniorenchor immer willkommen. Zur Kontaktaufnahme einfach mal anrufen: 0661 72428-111, oder per Mail an janine.altmann@caritas-fulda.de.<\/p>\n","protected":false},"excerpt":{"rendered":"<div class=\"tmnf_excerpt\"><p>Fulda (cif). Im wahrsten Sinne \u201ewie Weihnachten\u201c wurde es den Mitgliedern des Caritas-Projektchores 65 plus mit der Chorleiterin Schwester Hildegard Wolters auf ihrer Chor-Adventsfeier, als Di\u00f6zesan-Caritasdirektor Dr. Markus Juch und der Referent Gemeindecaritas, Ewald Vogel, ein hinter einem Paravent verstecktes elektronisches Klavier pr\u00e4sentierten. Es sei ein Geschenk der Caritas an den Chor, der \u2013 wie &hellip;<\/p>\n<\/div>","protected":false},"author":1,"featured_media":0,"comment_status":"closed","ping_status":"closed","sticky":false,"template":"","format":"standard","meta":{"footnotes":""},"categories":[1,50],"tags":[],"class_list":["post-118135","post","type-post","status-publish","format-standard","hentry","category-startseite","category-kirche"],"_links":{"self":[{"href":"https:\/\/www.fuldaernachrichten.de\/index.php?rest_route=\/wp\/v2\/posts\/118135","targetHints":{"allow":["GET"]}}],"collection":[{"href":"https:\/\/www.fuldaernachrichten.de\/index.php?rest_route=\/wp\/v2\/posts"}],"about":[{"href":"https:\/\/www.fuldaernachrichten.de\/index.php?rest_route=\/wp\/v2\/types\/post"}],"author":[{"embeddable":true,"href":"https:\/\/www.fuldaernachrichten.de\/index.php?rest_route=\/wp\/v2\/users\/1"}],"replies":[{"embeddable":true,"href":"https:\/\/www.fuldaernachrichten.de\/index.php?rest_route=%2Fwp%2Fv2%2Fcomments&post=118135"}],"version-history":[{"count":1,"href":"https:\/\/www.fuldaernachrichten.de\/index.php?rest_route=\/wp\/v2\/posts\/118135\/revisions"}],"predecessor-version":[{"id":118137,"href":"https:\/\/www.fuldaernachrichten.de\/index.php?rest_route=\/wp\/v2\/posts\/118135\/revisions\/118137"}],"wp:attachment":[{"href":"https:\/\/www.fuldaernachrichten.de\/index.php?rest_route=%2Fwp%2Fv2%2Fmedia&parent=118135"}],"wp:term":[{"taxonomy":"category","embeddable":true,"href":"https:\/\/www.fuldaernachrichten.de\/index.php?rest_route=%2Fwp%2Fv2%2Fcategories&post=118135"},{"taxonomy":"post_tag","embeddable":true,"href":"https:\/\/www.fuldaernachrichten.de\/index.php?rest_route=%2Fwp%2Fv2%2Ftags&post=118135"}],"curies":[{"name":"wp","href":"https:\/\/api.w.org\/{rel}","templated":true}]}}