{"id":118130,"date":"2013-12-20T00:14:51","date_gmt":"2013-12-20T00:14:51","guid":{"rendered":"http:\/\/www.fuldaer-nachrichten.de\/?p=118130"},"modified":"2013-12-19T11:32:13","modified_gmt":"2013-12-19T11:32:13","slug":"erfolgreiche-weiterbildung-an-der-aenne-und-konrad-geisel-schule-2","status":"publish","type":"post","link":"https:\/\/www.fuldaernachrichten.de\/?p=118130","title":{"rendered":"Erfolgreiche Weiterbildung an der Aenne-und-Konrad-Geisel-Schule"},"content":{"rendered":"<div id=\"attachment_118131\" style=\"width: 275px\" class=\"wp-caption alignleft\"><a href=\"http:\/\/www.fuldaer-nachrichten.de\/wp-content\/uploads\/2013\/12\/FotoTeilnehmer.jpg\"><img fetchpriority=\"high\" decoding=\"async\" aria-describedby=\"caption-attachment-118131\" class=\"size-thumbnail wp-image-118131\" alt=\"Weiterbildung in der Praxisanleitung. Unser Foto zeigt die neun Absolventinnen mit den Dozenten Thomas M\u00fcller und Terrie A. Couch (vorne rechts).Foto: Aenne-und-Konrad-Geisel-Schule\" src=\"http:\/\/www.fuldaer-nachrichten.de\/wp-content\/uploads\/2013\/12\/FotoTeilnehmer-265x417.jpg\" width=\"265\" height=\"417\" srcset=\"https:\/\/www.fuldaernachrichten.de\/wp-content\/uploads\/2013\/12\/FotoTeilnehmer-265x417.jpg 265w, https:\/\/www.fuldaernachrichten.de\/wp-content\/uploads\/2013\/12\/FotoTeilnehmer-168x265.jpg 168w, https:\/\/www.fuldaernachrichten.de\/wp-content\/uploads\/2013\/12\/FotoTeilnehmer-380x600.jpg 380w, https:\/\/www.fuldaernachrichten.de\/wp-content\/uploads\/2013\/12\/FotoTeilnehmer.jpg 600w\" sizes=\"(max-width: 265px) 100vw, 265px\" \/><\/a><p id=\"caption-attachment-118131\" class=\"wp-caption-text\">Weiterbildung in der Praxisanleitung. Unser Foto zeigt die neun Absolventinnen mit den Dozenten Thomas M\u00fcller und Terrie A. Couch (vorne rechts).Foto: Aenne-und-Konrad-Geisel-Schule<\/p><\/div>\n<p>Lauterbach. Neun examinierte Pflegefachkr\u00e4fte, die in verschiedenen Altenpflege-Einrichtungen der Region t\u00e4tig sind, haben k\u00fcrzlich einen Weiterbildungskurs zur Praxisanleiterin an der Altenpflegeschule in Alsfeld erfolgreich abgeschlossen. \u201eAlle neun Teilnehmer haben die staatliche Abschlusspr\u00fcfung bestanden und damit ihren ersten Schritt in Richtung Leitungskraft gemeistert\u201c, teilt die Leiterin der Aenne-und-Konrad-Geisel-Schule, Monika Luh, mit. Sie haben ein Grundmodul mit den Themen Kommunikation, Anleitung und Beratung sowie ein Fachmodul zum Thema \u201eLernende in der Pflege anleiten\u201c absolviert.<!--more--><\/p>\n<p>Das Weiterbildungskonzept ist ein berufsp\u00e4dagogisch, didaktisch konzipierter Lehrgang in einem festgelegten Modulsystem, das die Teilnehmerinnen und Teilnehmer auf ihre zuk\u00fcnftigen Aufgaben Schritt f\u00fcr Schritt vorbereitet. Das Ziel sei, so Monika Luh, die Praxisanleiter\/Berufsp\u00e4dagogen in die Lage zu versetzen, die didaktischen Anspr\u00fcche der praktischen Ausbildung zu erf\u00fcllen.<\/p>\n<p>Nach weiteren drei darauf aufbauenden Modulen ist der Abschluss als \u201eSchichtleitung\u201c erreicht. Und wer danach noch zwei weitere Module erfolgreich absolviert, darf sich \u201e Pflegeexperte im Umgang mit demenziell erkrankten Menschen\u201c nennen.<\/p>\n<p>Das Interesse an und die Notwendigkeit von Zusatzqualifikationen im Bereich der Altenpflege wachsen st\u00e4ndig,\u00c2\u00a0 hebt die Schulleiterin hervor und verweist auf vielf\u00e4ltige Weiterbildungsangebote in ihrer Einrichtung.<\/p>\n<p>Wer sich f\u00fcr die Aus- und Weiterbildungsangebote der Altenpflegeschule in Alsfeld interessiert, kann sich hier informieren: Aenne-und-Konrad-Geisel-Schule, Georg-Dietrich-B\u00fccking-Stra\u00dfe 20, 36304 Alsfeld, Telefon 06631\/1320, www.pflege-schule.de<\/p>\n","protected":false},"excerpt":{"rendered":"<div class=\"tmnf_excerpt\"><p>Lauterbach. Neun examinierte Pflegefachkr\u00e4fte, die in verschiedenen Altenpflege-Einrichtungen der Region t\u00e4tig sind, haben k\u00fcrzlich einen Weiterbildungskurs zur Praxisanleiterin an der Altenpflegeschule in Alsfeld erfolgreich abgeschlossen. \u201eAlle neun Teilnehmer haben die staatliche Abschlusspr\u00fcfung bestanden und damit ihren ersten Schritt in Richtung Leitungskraft gemeistert\u201c, teilt die Leiterin der Aenne-und-Konrad-Geisel-Schule, Monika Luh, mit. Sie haben ein Grundmodul mit &hellip;<\/p>\n<\/div>","protected":false},"author":1,"featured_media":0,"comment_status":"closed","ping_status":"closed","sticky":false,"template":"","format":"standard","meta":{"footnotes":""},"categories":[1,51],"tags":[],"class_list":["post-118130","post","type-post","status-publish","format-standard","hentry","category-startseite","category-medizin"],"_links":{"self":[{"href":"https:\/\/www.fuldaernachrichten.de\/index.php?rest_route=\/wp\/v2\/posts\/118130","targetHints":{"allow":["GET"]}}],"collection":[{"href":"https:\/\/www.fuldaernachrichten.de\/index.php?rest_route=\/wp\/v2\/posts"}],"about":[{"href":"https:\/\/www.fuldaernachrichten.de\/index.php?rest_route=\/wp\/v2\/types\/post"}],"author":[{"embeddable":true,"href":"https:\/\/www.fuldaernachrichten.de\/index.php?rest_route=\/wp\/v2\/users\/1"}],"replies":[{"embeddable":true,"href":"https:\/\/www.fuldaernachrichten.de\/index.php?rest_route=%2Fwp%2Fv2%2Fcomments&post=118130"}],"version-history":[{"count":1,"href":"https:\/\/www.fuldaernachrichten.de\/index.php?rest_route=\/wp\/v2\/posts\/118130\/revisions"}],"predecessor-version":[{"id":118132,"href":"https:\/\/www.fuldaernachrichten.de\/index.php?rest_route=\/wp\/v2\/posts\/118130\/revisions\/118132"}],"wp:attachment":[{"href":"https:\/\/www.fuldaernachrichten.de\/index.php?rest_route=%2Fwp%2Fv2%2Fmedia&parent=118130"}],"wp:term":[{"taxonomy":"category","embeddable":true,"href":"https:\/\/www.fuldaernachrichten.de\/index.php?rest_route=%2Fwp%2Fv2%2Fcategories&post=118130"},{"taxonomy":"post_tag","embeddable":true,"href":"https:\/\/www.fuldaernachrichten.de\/index.php?rest_route=%2Fwp%2Fv2%2Ftags&post=118130"}],"curies":[{"name":"wp","href":"https:\/\/api.w.org\/{rel}","templated":true}]}}