{"id":118122,"date":"2013-12-19T11:22:09","date_gmt":"2013-12-19T11:22:09","guid":{"rendered":"http:\/\/www.fuldaer-nachrichten.de\/?p=118122"},"modified":"2013-12-19T11:22:09","modified_gmt":"2013-12-19T11:22:09","slug":"theater-musik-und-ehrungen-caritas-werkstaetten-hielten-weihnachtsfeier","status":"publish","type":"post","link":"https:\/\/www.fuldaernachrichten.de\/?p=118122","title":{"rendered":"Theater, Musik und Ehrungen \u2013 Caritas-Werkst\u00e4tten hielten Weihnachtsfeier"},"content":{"rendered":"<p><b><a href=\"http:\/\/www.fuldaer-nachrichten.de\/wp-content\/uploads\/2013\/12\/zu-105-cs_Weihnachtstheater_Werkst\u00e4tten2013_DSC_6454.jpg\"><img decoding=\"async\" class=\"alignleft size-thumbnail wp-image-118123\" alt=\"zu 105-cs_Weihnachtstheater_Werkst\u00e4tten2013_DSC_6454\" src=\"http:\/\/www.fuldaer-nachrichten.de\/wp-content\/uploads\/2013\/12\/zu-105-cs_Weihnachtstheater_Werkst\u00e4tten2013_DSC_6454-265x176.jpg\" width=\"265\" height=\"176\" \/><\/a>Fulda, K\u00fcnzell (cif).<\/b> Mit wieder rund 550 G\u00e4sten feierten die Fuldaer Caritas-Werkst\u00e4tten f\u00fcr Menschen mit Behinderung im Gemeindezentrum K\u00fcnzell ihre diesj\u00e4hrige Weihnachtsfeier. Geladen waren neben den Mitarbeiterinnen und Mitarbeitern auch deren Freunde und Angeh\u00f6rige sowie zahlreiche Vertreter aus Caritas und Kirche, Politik und Wirtschaft.<!--more--><\/p>\n<p>Nach Gru\u00dfworten durch Caritas-Vorstandsmitglied Malte Crome, Werkstattratsmitglied Emil Herbst, Lucia Nitsche-Goldbach vom Eltern- und Betreuerbeirat sowie Einrichtungsleiter Michael Gl\u00fcber \u00fcberbrachten auch zahlreiche Ehreng\u00e4ste wie der Generalvikar des Bistums Fulda, Prof. Dr. Gerhard Stanke, die Bundetagsabgeordnete Birgit K\u00f6mpel, der Erste Kreisbeigeordnete Dr. Heiko Wingenfeld und Meta Mehler f\u00fcr die Gemeinde K\u00fcnzell ihre Gr\u00fc\u00dfe. Musikalisch umrahmt wurde dieser offizielle Teil der Feier durch das Jugenblasorchester des Marianums unter Leitung von Karl-Heinz Vogel.<\/p>\n<p>H\u00f6hepunkt der Feier war erneut wieder das von einer Gruppe \u00c2\u00a0Werkstattmitarbeiterinnen und -mitarbeitern dargebotene weihnachtliche Theaterst\u00fcck. Diesmal hatte das Theaterteam \u201eIch bin Dir dreimal begegnet\u201c von Leo Tolstoi einstudiert \u2013 ein St\u00fcck, in dem der Schuster Fjedor Pawlowitsch auf die Ankunft des Herrn wartet und dadurch drei armen Menschen helfend zur Seite steht. Nach der Theaterauff\u00fchrung wurden Ralf D\u00f6ppner f\u00fcr 25-j\u00e4hrige und Manfred Diegelmann f\u00fcr 40-j\u00e4hrige T\u00e4tigkeit in den Werkst\u00e4tten geehrt.<\/p>\n<p>Zum Abschluss rundete der neu gegr\u00fcndete Chor der Caritas- Werkst\u00e4tten mit drei Weihnachtsliedern einen rundum gelungenen Adventsnachmittag ab.<\/p>\n","protected":false},"excerpt":{"rendered":"<div class=\"tmnf_excerpt\"><p>Fulda, K\u00fcnzell (cif). Mit wieder rund 550 G\u00e4sten feierten die Fuldaer Caritas-Werkst\u00e4tten f\u00fcr Menschen mit Behinderung im Gemeindezentrum K\u00fcnzell ihre diesj\u00e4hrige Weihnachtsfeier. Geladen waren neben den Mitarbeiterinnen und Mitarbeitern auch deren Freunde und Angeh\u00f6rige sowie zahlreiche Vertreter aus Caritas und Kirche, Politik und Wirtschaft.<\/p>\n<\/div>","protected":false},"author":1,"featured_media":0,"comment_status":"closed","ping_status":"closed","sticky":false,"template":"","format":"standard","meta":{"footnotes":""},"categories":[1],"tags":[],"class_list":["post-118122","post","type-post","status-publish","format-standard","hentry","category-startseite"],"_links":{"self":[{"href":"https:\/\/www.fuldaernachrichten.de\/index.php?rest_route=\/wp\/v2\/posts\/118122","targetHints":{"allow":["GET"]}}],"collection":[{"href":"https:\/\/www.fuldaernachrichten.de\/index.php?rest_route=\/wp\/v2\/posts"}],"about":[{"href":"https:\/\/www.fuldaernachrichten.de\/index.php?rest_route=\/wp\/v2\/types\/post"}],"author":[{"embeddable":true,"href":"https:\/\/www.fuldaernachrichten.de\/index.php?rest_route=\/wp\/v2\/users\/1"}],"replies":[{"embeddable":true,"href":"https:\/\/www.fuldaernachrichten.de\/index.php?rest_route=%2Fwp%2Fv2%2Fcomments&post=118122"}],"version-history":[{"count":1,"href":"https:\/\/www.fuldaernachrichten.de\/index.php?rest_route=\/wp\/v2\/posts\/118122\/revisions"}],"predecessor-version":[{"id":118124,"href":"https:\/\/www.fuldaernachrichten.de\/index.php?rest_route=\/wp\/v2\/posts\/118122\/revisions\/118124"}],"wp:attachment":[{"href":"https:\/\/www.fuldaernachrichten.de\/index.php?rest_route=%2Fwp%2Fv2%2Fmedia&parent=118122"}],"wp:term":[{"taxonomy":"category","embeddable":true,"href":"https:\/\/www.fuldaernachrichten.de\/index.php?rest_route=%2Fwp%2Fv2%2Fcategories&post=118122"},{"taxonomy":"post_tag","embeddable":true,"href":"https:\/\/www.fuldaernachrichten.de\/index.php?rest_route=%2Fwp%2Fv2%2Ftags&post=118122"}],"curies":[{"name":"wp","href":"https:\/\/api.w.org\/{rel}","templated":true}]}}