{"id":118119,"date":"2013-12-19T11:20:54","date_gmt":"2013-12-19T11:20:54","guid":{"rendered":"http:\/\/www.fuldaer-nachrichten.de\/?p=118119"},"modified":"2013-12-19T11:20:54","modified_gmt":"2013-12-19T11:20:54","slug":"schmitt-recycling-entsorgung-uebergibt-1000-euro-an-perspektiva-gmbh","status":"publish","type":"post","link":"https:\/\/www.fuldaernachrichten.de\/?p=118119","title":{"rendered":"Schmitt Recycling &#038; Entsorgung \u00fcbergibt 1000 Euro an Perspektiva GmbH"},"content":{"rendered":"<div id=\"attachment_118120\" style=\"width: 275px\" class=\"wp-caption alignleft\"><a href=\"http:\/\/www.fuldaer-nachrichten.de\/wp-content\/uploads\/2013\/12\/spenden-statt-schenken.jpg\"><img decoding=\"async\" aria-describedby=\"caption-attachment-118120\" class=\"size-thumbnail wp-image-118120\" alt=\"Spenden\u00fcbergabe bei Schmitt Recycling: Prokuristin Nicole Schmitt, Perspektiva-Jugendlicher Benedikt Witzel und Gesch\u00e4ftsf\u00fchrer Michael Becker (v.l.).\" src=\"http:\/\/www.fuldaer-nachrichten.de\/wp-content\/uploads\/2013\/12\/spenden-statt-schenken-265x164.jpg\" width=\"265\" height=\"164\" srcset=\"https:\/\/www.fuldaernachrichten.de\/wp-content\/uploads\/2013\/12\/spenden-statt-schenken-265x164.jpg 265w, https:\/\/www.fuldaernachrichten.de\/wp-content\/uploads\/2013\/12\/spenden-statt-schenken.jpg 600w\" sizes=\"(max-width: 265px) 100vw, 265px\" \/><\/a><p id=\"caption-attachment-118120\" class=\"wp-caption-text\">Spenden\u00fcbergabe bei Schmitt Recycling: Prokuristin Nicole Schmitt, Perspektiva-Jugendlicher Benedikt Witzel und Gesch\u00e4ftsf\u00fchrer Michael Becker (v.l.).<\/p><\/div>\n<p><b>Fulda.<\/b> Eine Finanzspritze zur Weihnachtszeit erhielt k\u00fcrzlich das Team der Perspektiva GmbH: Einen Scheck in H\u00f6he von 1000 Euro konnte Gesch\u00e4ftsf\u00fchrer Michael Becker von Nicole Schmitt, Schmitt Recycling &amp; Entsorgung GmbH, entgegennehmen. \u201eWir kennen uns bereits seit acht Jahren und sind als Gesellschafter bei Perspektiva t\u00e4tig \u2013 da war es f\u00fcr uns ganz klar, wohin das Geld gehen soll\u201c, erkl\u00e4rt Gesch\u00e4ftsf\u00fchrer Wolfgang Schmitt. Anstatt in diesem Jahr Geschenke an Kunden zu verteilen, m\u00f6chte der Unternehmer die Region unterst\u00fctzen. Auch Prokuristin Nicole Schmitt ist begeistert von der Idee, denn im Familienbetrieb sind kontinuierlich junge Nachwuchskr\u00e4fte von Perspektiva besch\u00e4ftigt: \u201eOftmals werden die Jugendlichen untersch\u00e4tzt, wir konnten\u00c2\u00a0 durchweg positive Erfahrungen sammeln und die jungen Erwachsenen perfekt in unseren Arbeitsalltag integrieren.\u201c Auf dem Theresienhof wird die Spende genutzt, um das bauf\u00e4llige Dach des Perspektiva-B\u00fcrogeb\u00e4udes zu renovieren.<\/p>\n","protected":false},"excerpt":{"rendered":"<div class=\"tmnf_excerpt\"><p>Fulda. Eine Finanzspritze zur Weihnachtszeit erhielt k\u00fcrzlich das Team der Perspektiva GmbH: Einen Scheck in H\u00f6he von 1000 Euro konnte Gesch\u00e4ftsf\u00fchrer Michael Becker von Nicole Schmitt, Schmitt Recycling &amp; Entsorgung GmbH, entgegennehmen. \u201eWir kennen uns bereits seit acht Jahren und sind als Gesellschafter bei Perspektiva t\u00e4tig \u2013 da war es f\u00fcr uns ganz klar, wohin &hellip;<\/p>\n<\/div>","protected":false},"author":1,"featured_media":0,"comment_status":"closed","ping_status":"closed","sticky":false,"template":"","format":"standard","meta":{"footnotes":""},"categories":[1,29],"tags":[],"class_list":["post-118119","post","type-post","status-publish","format-standard","hentry","category-startseite","category-politik"],"_links":{"self":[{"href":"https:\/\/www.fuldaernachrichten.de\/index.php?rest_route=\/wp\/v2\/posts\/118119","targetHints":{"allow":["GET"]}}],"collection":[{"href":"https:\/\/www.fuldaernachrichten.de\/index.php?rest_route=\/wp\/v2\/posts"}],"about":[{"href":"https:\/\/www.fuldaernachrichten.de\/index.php?rest_route=\/wp\/v2\/types\/post"}],"author":[{"embeddable":true,"href":"https:\/\/www.fuldaernachrichten.de\/index.php?rest_route=\/wp\/v2\/users\/1"}],"replies":[{"embeddable":true,"href":"https:\/\/www.fuldaernachrichten.de\/index.php?rest_route=%2Fwp%2Fv2%2Fcomments&post=118119"}],"version-history":[{"count":1,"href":"https:\/\/www.fuldaernachrichten.de\/index.php?rest_route=\/wp\/v2\/posts\/118119\/revisions"}],"predecessor-version":[{"id":118121,"href":"https:\/\/www.fuldaernachrichten.de\/index.php?rest_route=\/wp\/v2\/posts\/118119\/revisions\/118121"}],"wp:attachment":[{"href":"https:\/\/www.fuldaernachrichten.de\/index.php?rest_route=%2Fwp%2Fv2%2Fmedia&parent=118119"}],"wp:term":[{"taxonomy":"category","embeddable":true,"href":"https:\/\/www.fuldaernachrichten.de\/index.php?rest_route=%2Fwp%2Fv2%2Fcategories&post=118119"},{"taxonomy":"post_tag","embeddable":true,"href":"https:\/\/www.fuldaernachrichten.de\/index.php?rest_route=%2Fwp%2Fv2%2Ftags&post=118119"}],"curies":[{"name":"wp","href":"https:\/\/api.w.org\/{rel}","templated":true}]}}