{"id":118111,"date":"2013-12-19T11:12:16","date_gmt":"2013-12-19T11:12:16","guid":{"rendered":"http:\/\/www.fuldaer-nachrichten.de\/?p=118111"},"modified":"2013-12-19T11:12:16","modified_gmt":"2013-12-19T11:12:16","slug":"jugendfahrt-der-marchingband-bachrain-2","status":"publish","type":"post","link":"https:\/\/www.fuldaernachrichten.de\/?p=118111","title":{"rendered":"Jugendfahrt der Marchingband Bachrain"},"content":{"rendered":"<p><a href=\"http:\/\/www.fuldaer-nachrichten.de\/wp-content\/uploads\/2013\/12\/IMG_0794.jpg\"><img fetchpriority=\"high\" decoding=\"async\" class=\"alignleft size-thumbnail wp-image-118112\" alt=\"IMG_0794\" src=\"http:\/\/www.fuldaer-nachrichten.de\/wp-content\/uploads\/2013\/12\/IMG_0794-265x198.jpg\" width=\"265\" height=\"198\" srcset=\"https:\/\/www.fuldaernachrichten.de\/wp-content\/uploads\/2013\/12\/IMG_0794-265x198.jpg 265w, https:\/\/www.fuldaernachrichten.de\/wp-content\/uploads\/2013\/12\/IMG_0794.jpg 600w\" sizes=\"(max-width: 265px) 100vw, 265px\" \/><\/a>Bachrain. Es gibt sehr viele Jugendliche in der Marchingband Bachrain, deswegen sollte f\u00fcr diese auch etwas angeboten werden, was aus dem \u00fcblichen Rhythmus von Proben und Auftritten herausf\u00e4llt. Daher fand auch dieses Jahr wieder eine Jugendfahrt statt, die diesmal winterlich vom 13. bis 15. Dezember 2013 nach Dalherda f\u00fchrte. Das kleine Dorf nahe Gersfeld war schon im vorangegangenen Sommer eine sch\u00f6ne Wahl, da insgesamt alles sehr ruhig und in der Natur gelegen ist.\u00c2\u00a0 Es ging wieder zum Hans Asmussen Haus.<!--more--><\/p>\n<p>Die Jugendbetreuer lie\u00dfen sich wieder viel einfallen. So gab es neben einem Iglu-Bau-Wettbewerb, einem Besuch des schwarzen Moores und der ehemaligen Grenze viele spa\u00dfige Wettk\u00e4mpfe, in denen die in zwei Gruppen eingeteilten Jugendlichen beweisen mussten, was in ihnen steckt. Besonders viel Freude machte den Jugendlichen das allabendliche beisammensitzen bei Kaminfeuer und einer lustigen Runde \u201eWerwolf\u201c.<\/p>\n<p>Alles in allem kann man sagen, dass das Jugendwochenende sehr entspannend, spa\u00dfig und abwechslungsreich war. Man lernte viel \u00fcber die Leute, mit denen man im Probenalltag nicht so viel zu tun hat und man hatte zusammen Spa\u00df, wetteiferte und gruselte sich auf Grund der spannenden Geschichten, die sich die Jugendlichen selbst ausdachten.<\/p>\n<p>Man darf gespannt sein, wo es n\u00e4chstes\u00c2\u00a0 Jahr hingeht und was sich die Jugendbetreuer der MBB \u2013 Nicole, Viktoria, Kevin, Marius und Pascal \u2013 wieder einfallen lassen. Wer Lust hat sich uns anzuschlie\u00dfen, gemeinsam mit uns musizieren m\u00f6chte und solche tollen Freizeitaktivit\u00e4ten miterleben m\u00f6chte, der kann sich gerne einfach mal auf dieser Website (www.marchingband-bachrain.de) oder auf unserer Facebook-Page (www.facebook.com\/MarchingbandBachrain) informieren und in den Proben vorbei schauen.<\/p>\n<p>&nbsp;<\/p>\n","protected":false},"excerpt":{"rendered":"<div class=\"tmnf_excerpt\"><p>Bachrain. Es gibt sehr viele Jugendliche in der Marchingband Bachrain, deswegen sollte f\u00fcr diese auch etwas angeboten werden, was aus dem \u00fcblichen Rhythmus von Proben und Auftritten herausf\u00e4llt. Daher fand auch dieses Jahr wieder eine Jugendfahrt statt, die diesmal winterlich vom 13. bis 15. Dezember 2013 nach Dalherda f\u00fchrte. Das kleine Dorf nahe Gersfeld war &hellip;<\/p>\n<\/div>","protected":false},"author":1,"featured_media":0,"comment_status":"closed","ping_status":"closed","sticky":false,"template":"","format":"standard","meta":{"footnotes":""},"categories":[1,72],"tags":[],"class_list":["post-118111","post","type-post","status-publish","format-standard","hentry","category-startseite","category-jugend"],"_links":{"self":[{"href":"https:\/\/www.fuldaernachrichten.de\/index.php?rest_route=\/wp\/v2\/posts\/118111","targetHints":{"allow":["GET"]}}],"collection":[{"href":"https:\/\/www.fuldaernachrichten.de\/index.php?rest_route=\/wp\/v2\/posts"}],"about":[{"href":"https:\/\/www.fuldaernachrichten.de\/index.php?rest_route=\/wp\/v2\/types\/post"}],"author":[{"embeddable":true,"href":"https:\/\/www.fuldaernachrichten.de\/index.php?rest_route=\/wp\/v2\/users\/1"}],"replies":[{"embeddable":true,"href":"https:\/\/www.fuldaernachrichten.de\/index.php?rest_route=%2Fwp%2Fv2%2Fcomments&post=118111"}],"version-history":[{"count":1,"href":"https:\/\/www.fuldaernachrichten.de\/index.php?rest_route=\/wp\/v2\/posts\/118111\/revisions"}],"predecessor-version":[{"id":118113,"href":"https:\/\/www.fuldaernachrichten.de\/index.php?rest_route=\/wp\/v2\/posts\/118111\/revisions\/118113"}],"wp:attachment":[{"href":"https:\/\/www.fuldaernachrichten.de\/index.php?rest_route=%2Fwp%2Fv2%2Fmedia&parent=118111"}],"wp:term":[{"taxonomy":"category","embeddable":true,"href":"https:\/\/www.fuldaernachrichten.de\/index.php?rest_route=%2Fwp%2Fv2%2Fcategories&post=118111"},{"taxonomy":"post_tag","embeddable":true,"href":"https:\/\/www.fuldaernachrichten.de\/index.php?rest_route=%2Fwp%2Fv2%2Ftags&post=118111"}],"curies":[{"name":"wp","href":"https:\/\/api.w.org\/{rel}","templated":true}]}}