{"id":118106,"date":"2013-12-19T10:48:06","date_gmt":"2013-12-19T10:48:06","guid":{"rendered":"http:\/\/www.fuldaer-nachrichten.de\/?p=118106"},"modified":"2013-12-19T10:48:06","modified_gmt":"2013-12-19T10:48:06","slug":"fuehrungsunterstuetzungsbataillon-286-aus-rotenburg-praesentiert-adventskonzert","status":"publish","type":"post","link":"https:\/\/www.fuldaernachrichten.de\/?p=118106","title":{"rendered":"F\u00fchrungsunterst\u00fctzungsbataillon 286 aus Rotenburg pr\u00e4sentiert Adventskonzert"},"content":{"rendered":"<p><a href=\"http:\/\/www.fuldaer-nachrichten.de\/wp-content\/uploads\/2013\/12\/IMG_8220.jpg\"><img decoding=\"async\" class=\"alignleft size-thumbnail wp-image-118109\" alt=\"IMG_8220\" src=\"http:\/\/www.fuldaer-nachrichten.de\/wp-content\/uploads\/2013\/12\/IMG_8220-265x176.jpg\" width=\"265\" height=\"176\" srcset=\"https:\/\/www.fuldaernachrichten.de\/wp-content\/uploads\/2013\/12\/IMG_8220-265x176.jpg 265w, https:\/\/www.fuldaernachrichten.de\/wp-content\/uploads\/2013\/12\/IMG_8220.jpg 600w\" sizes=\"(max-width: 265px) 100vw, 265px\" \/><\/a>Rotenburg. Es ist gute Tradition in Rotenburg, dass die Bundeswehr zur Weihnachtszeit ein Benefizkonzert organisiert. In diesem Jahr gab es dazu noch eine Premiere. Nicht nur ein Orchester, sondern sechs Gruppen verschiedener Musikrichtungen bot das F\u00fchrungsunterst\u00fctzungsbataillon 286 am 17. Dezember in der Jakobikirche auf. <!--more--><\/p>\n<p>Nach der Begr\u00fc\u00dfung durch Dekanin Gisela Strohriegl und\u00c2\u00a0 Bataillonskommandeur Oberstleutnant Lando Pietsch\u00c2\u00a0 sprachen Oberstleutnant Wolf Teja\u00c2\u00a0 von Rabenau vom Landeskommando Hessen und die 1. Stadtr\u00e4tin, Frau Ursula Enders, zu G\u00e4sten in der sehr gut besuchten Jakobikirche.<\/p>\n<p>Schottland war ein Ziehl\u00c2\u00a0 dieser musikalischen Reise durch die Advents- und Winterzeit. Georg Mahr und Karsten Fink spielten\u00c2\u00a0 im original \u201eOutfitt\u201c auf dem Dudelsack schottische Weisen. \u201eLittle drummer boy\u201c, \u201ehighland cathedral\u201c und\u00c2\u00a0 \u201eamazing grace\u201c wurden mit anhaltendem Beifall bedacht.<\/p>\n<p><a href=\"http:\/\/www.fuldaer-nachrichten.de\/wp-content\/uploads\/2013\/12\/IMG_8201.jpg\"><img decoding=\"async\" class=\"alignleft size-thumbnail wp-image-118107\" alt=\"IMG_8201\" src=\"http:\/\/www.fuldaer-nachrichten.de\/wp-content\/uploads\/2013\/12\/IMG_8201-265x176.jpg\" width=\"265\" height=\"176\" srcset=\"https:\/\/www.fuldaernachrichten.de\/wp-content\/uploads\/2013\/12\/IMG_8201-265x176.jpg 265w, https:\/\/www.fuldaernachrichten.de\/wp-content\/uploads\/2013\/12\/IMG_8201.jpg 600w\" sizes=\"(max-width: 265px) 100vw, 265px\" \/><\/a> <a href=\"http:\/\/www.fuldaer-nachrichten.de\/wp-content\/uploads\/2013\/12\/IMG_8210.jpg\"><img decoding=\"async\" class=\"alignnone size-thumbnail wp-image-118108\" alt=\"IMG_8210\" src=\"http:\/\/www.fuldaer-nachrichten.de\/wp-content\/uploads\/2013\/12\/IMG_8210-265x176.jpg\" width=\"265\" height=\"176\" srcset=\"https:\/\/www.fuldaernachrichten.de\/wp-content\/uploads\/2013\/12\/IMG_8210-265x176.jpg 265w, https:\/\/www.fuldaernachrichten.de\/wp-content\/uploads\/2013\/12\/IMG_8210.jpg 600w\" sizes=\"(max-width: 265px) 100vw, 265px\" \/><\/a><\/p>\n<p>Das eine Milit\u00e4rkapelle und Weihnachtslieder sich nicht ausschlie\u00dfen, dies bewiesen die Musikerinnen und Musiker des Reservistenmusikzuges Hessen. Unter der Leitung des Gefreiten der Reserve Hugo K\u00f6nig aus Mittelrode\u00c2\u00a0 spielten sie eine Auswahl deutscher Weihnachtslieder. Den Abschluss des Auftritts der Fuldaer Reservisten bildete der \u201eFestmarsch\u201c. Auch hier war den Musikerinnen und Musiker des Reservistenmusikzuges HESSEN ein gro\u00dfer Applaus sicher.<\/p>\n<p>Last, but not least trat\u00c2\u00a0 der Gospelchor \u201eSisters in Action\u201c aus Wehrda mit den bekannten Liedern\u00c2\u00a0 \u201eOh, I will follow him\u201c aus dem\u00c2\u00a0 Film \u201eSister act\u201c, \u201eGo down Moses\u201c, \u201eFrosty the snowman\u201c und\u00c2\u00a0 \u201eGoing down jordan\u201c auf die\u00c2\u00a0 B\u00fchne.\u00c2\u00a0 Unter der Leitung von Elena T\u00f6ws\u00c2\u00a0 verzauberten die Musikerinnen des Gospelchors \u201eSisters in Action\u201c mit ihrer fr\u00f6hlichen und beschwingten Art zu singen das Publikum. Der Begriff \u201eFrohe Weihnacht\u201c wurde von dem Musikerinnen musikalisch perfekt umgesetzt.<\/p>\n<p>Unterst\u00fctzt wurde die Veranstaltung durch Kameraden der Reservistenkameradschaft Burghaun unter der F\u00fchrung von Stabsunteroffizier d. R. Sven Fey und aktiven Kameraden des Bataillons aus Rotenburg. Die Moderation des Konzertes lag in den H\u00e4nden von Hauptfeldwebel der Reserve Reinhold Schwarz. Mit den Spenden werden der Kindergarten St. Georg in Rotenburg und die Behandlung von<br \/>\nSoldaten, die an Posttraumatischen Belastungsst\u00f6rungen leiden, unterst\u00fctzt.<\/p>\n","protected":false},"excerpt":{"rendered":"<div class=\"tmnf_excerpt\"><p>Rotenburg. Es ist gute Tradition in Rotenburg, dass die Bundeswehr zur Weihnachtszeit ein Benefizkonzert organisiert. In diesem Jahr gab es dazu noch eine Premiere. Nicht nur ein Orchester, sondern sechs Gruppen verschiedener Musikrichtungen bot das F\u00fchrungsunterst\u00fctzungsbataillon 286 am 17. Dezember in der Jakobikirche auf.<\/p>\n<\/div>","protected":false},"author":1,"featured_media":0,"comment_status":"closed","ping_status":"closed","sticky":false,"template":"","format":"standard","meta":{"footnotes":""},"categories":[1,44],"tags":[],"class_list":["post-118106","post","type-post","status-publish","format-standard","hentry","category-startseite","category-kultur"],"_links":{"self":[{"href":"https:\/\/www.fuldaernachrichten.de\/index.php?rest_route=\/wp\/v2\/posts\/118106","targetHints":{"allow":["GET"]}}],"collection":[{"href":"https:\/\/www.fuldaernachrichten.de\/index.php?rest_route=\/wp\/v2\/posts"}],"about":[{"href":"https:\/\/www.fuldaernachrichten.de\/index.php?rest_route=\/wp\/v2\/types\/post"}],"author":[{"embeddable":true,"href":"https:\/\/www.fuldaernachrichten.de\/index.php?rest_route=\/wp\/v2\/users\/1"}],"replies":[{"embeddable":true,"href":"https:\/\/www.fuldaernachrichten.de\/index.php?rest_route=%2Fwp%2Fv2%2Fcomments&post=118106"}],"version-history":[{"count":1,"href":"https:\/\/www.fuldaernachrichten.de\/index.php?rest_route=\/wp\/v2\/posts\/118106\/revisions"}],"predecessor-version":[{"id":118110,"href":"https:\/\/www.fuldaernachrichten.de\/index.php?rest_route=\/wp\/v2\/posts\/118106\/revisions\/118110"}],"wp:attachment":[{"href":"https:\/\/www.fuldaernachrichten.de\/index.php?rest_route=%2Fwp%2Fv2%2Fmedia&parent=118106"}],"wp:term":[{"taxonomy":"category","embeddable":true,"href":"https:\/\/www.fuldaernachrichten.de\/index.php?rest_route=%2Fwp%2Fv2%2Fcategories&post=118106"},{"taxonomy":"post_tag","embeddable":true,"href":"https:\/\/www.fuldaernachrichten.de\/index.php?rest_route=%2Fwp%2Fv2%2Ftags&post=118106"}],"curies":[{"name":"wp","href":"https:\/\/api.w.org\/{rel}","templated":true}]}}