{"id":118089,"date":"2013-12-19T10:28:14","date_gmt":"2013-12-19T10:28:14","guid":{"rendered":"http:\/\/www.fuldaer-nachrichten.de\/?p=118089"},"modified":"2013-12-19T10:28:14","modified_gmt":"2013-12-19T10:28:14","slug":"neue-pflegefachhelfer-in-der-gerontopsychiatrie","status":"publish","type":"post","link":"https:\/\/www.fuldaernachrichten.de\/?p=118089","title":{"rendered":"Neue Pflegefachhelfer in der Gerontopsychiatrie"},"content":{"rendered":"<div id=\"attachment_118090\" style=\"width: 275px\" class=\"wp-caption alignleft\"><a href=\"http:\/\/www.fuldaer-nachrichten.de\/wp-content\/uploads\/2013\/12\/Kursteilnehmer.jpg\"><img fetchpriority=\"high\" decoding=\"async\" aria-describedby=\"caption-attachment-118090\" class=\"size-thumbnail wp-image-118090\" alt=\"Die frisch gebackenen Pflegeassistenten \u2013 sie haben das erste Modul der Ausbildung zum \u201ePflegefachhelfer in der Gerontopsychiatrie\u201c erfolgreich abgeschlossen. Foto: Aenne-und-Konrad-Geisel-Schule.\" src=\"http:\/\/www.fuldaer-nachrichten.de\/wp-content\/uploads\/2013\/12\/Kursteilnehmer-265x470.jpg\" width=\"265\" height=\"470\" srcset=\"https:\/\/www.fuldaernachrichten.de\/wp-content\/uploads\/2013\/12\/Kursteilnehmer-265x470.jpg 265w, https:\/\/www.fuldaernachrichten.de\/wp-content\/uploads\/2013\/12\/Kursteilnehmer-149x265.jpg 149w, https:\/\/www.fuldaernachrichten.de\/wp-content\/uploads\/2013\/12\/Kursteilnehmer.jpg 600w\" sizes=\"(max-width: 265px) 100vw, 265px\" \/><\/a><p id=\"caption-attachment-118090\" class=\"wp-caption-text\">Die frisch gebackenen Pflegeassistenten \u2013 sie haben das erste Modul der Ausbildung zum \u201ePflegefachhelfer in der Gerontopsychiatrie\u201c erfolgreich abgeschlossen. Foto: Aenne-und-Konrad-Geisel-Schule.<\/p><\/div>\n<p>Lauterbach. Im Oktober haben 15 Teilnehmerinnen und Teilnehmer ihren Lehrgang zum \u201ePflegefachhelfer in der Gerontopsychiatrie\u201c an der Aenne und Konrad-Geisel-Schule begonnen und das erste Modul erfolgreich abgeschlossen. Vor dem Hintergrund des wachsenden Pflegefachkr\u00e4ftemangels und der steigenden Zahl pflegebed\u00fcrftiger Menschen ist diese Qualifizierung entstanden, um die professionelle Pflege durch qualifiziertes Assistenzpersonal zu unterst\u00fctzen.Diese Qualifizierung beinhaltet drei Module, die thematisch aufeinander aufbauen: Das erste Modul umfasst 160 Stunden Theorie und endet mit dem Abschluss \u201ePflegeassistent\u201c, darauf folgt das zweite Modul mit weiteren 240 Stunden, das mit dem Abschluss \u201eAlltagsbegleiter\/Pr\u00e4senzkraft\u201c endet. Das dritte Modul mit nochmals 160 Stunden f\u00fchrt dann zum Abschluss \u201ePflegefachhelfer in der Gerontopsychiatrie\u201c.<!--more--><\/p>\n<p>Der praktische Teil der Ausbildung wird im Rahmen von Praktika in den ambulanten und\/oder station\u00e4ren Altenhilfeeinrichtungen absolviert. Mit dem bestandenen Abschluss k\u00f6nnen die \u201ePflegefachhelfer in der Gerontopsychiatrie\u201c in der Pflege oder in der Betreuung arbeiten. Grunds\u00e4tzlich richtet sich das Bildungsangebot an jedermann. Folgende Voraussetzungen sollten gegeben sein: gesundheitliche Eignung (\u00e4rztliches Attest), Zuverl\u00e4ssigkeit, polizeiliches F\u00fchrungszeugnis, gepflegtes Erscheinungsbild und Freude am Umgang mit Menschen. Der n\u00e4chste Kurs beginnt Mitte Februar 2014.<\/p>\n<p>Informationen gibt es hier: Aenne und Konrad-Geisel-Schule, Altenpflegeschule Alsfeld, Georg-Dietrich-B\u00fccking-Stra\u00dfe 20, 36304 Alsfeld, Telefon 06631\/1320, info@pflege-schule.de, www.pflege-schule.de<\/p>\n","protected":false},"excerpt":{"rendered":"<div class=\"tmnf_excerpt\"><p>Lauterbach. Im Oktober haben 15 Teilnehmerinnen und Teilnehmer ihren Lehrgang zum \u201ePflegefachhelfer in der Gerontopsychiatrie\u201c an der Aenne und Konrad-Geisel-Schule begonnen und das erste Modul erfolgreich abgeschlossen. Vor dem Hintergrund des wachsenden Pflegefachkr\u00e4ftemangels und der steigenden Zahl pflegebed\u00fcrftiger Menschen ist diese Qualifizierung entstanden, um die professionelle Pflege durch qualifiziertes Assistenzpersonal zu unterst\u00fctzen.Diese Qualifizierung beinhaltet drei &hellip;<\/p>\n<\/div>","protected":false},"author":1,"featured_media":0,"comment_status":"closed","ping_status":"closed","sticky":false,"template":"","format":"standard","meta":{"footnotes":""},"categories":[1,51],"tags":[],"class_list":["post-118089","post","type-post","status-publish","format-standard","hentry","category-startseite","category-medizin"],"_links":{"self":[{"href":"https:\/\/www.fuldaernachrichten.de\/index.php?rest_route=\/wp\/v2\/posts\/118089","targetHints":{"allow":["GET"]}}],"collection":[{"href":"https:\/\/www.fuldaernachrichten.de\/index.php?rest_route=\/wp\/v2\/posts"}],"about":[{"href":"https:\/\/www.fuldaernachrichten.de\/index.php?rest_route=\/wp\/v2\/types\/post"}],"author":[{"embeddable":true,"href":"https:\/\/www.fuldaernachrichten.de\/index.php?rest_route=\/wp\/v2\/users\/1"}],"replies":[{"embeddable":true,"href":"https:\/\/www.fuldaernachrichten.de\/index.php?rest_route=%2Fwp%2Fv2%2Fcomments&post=118089"}],"version-history":[{"count":1,"href":"https:\/\/www.fuldaernachrichten.de\/index.php?rest_route=\/wp\/v2\/posts\/118089\/revisions"}],"predecessor-version":[{"id":118091,"href":"https:\/\/www.fuldaernachrichten.de\/index.php?rest_route=\/wp\/v2\/posts\/118089\/revisions\/118091"}],"wp:attachment":[{"href":"https:\/\/www.fuldaernachrichten.de\/index.php?rest_route=%2Fwp%2Fv2%2Fmedia&parent=118089"}],"wp:term":[{"taxonomy":"category","embeddable":true,"href":"https:\/\/www.fuldaernachrichten.de\/index.php?rest_route=%2Fwp%2Fv2%2Fcategories&post=118089"},{"taxonomy":"post_tag","embeddable":true,"href":"https:\/\/www.fuldaernachrichten.de\/index.php?rest_route=%2Fwp%2Fv2%2Ftags&post=118089"}],"curies":[{"name":"wp","href":"https:\/\/api.w.org\/{rel}","templated":true}]}}