{"id":118086,"date":"2013-12-19T10:25:49","date_gmt":"2013-12-19T10:25:49","guid":{"rendered":"http:\/\/www.fuldaer-nachrichten.de\/?p=118086"},"modified":"2013-12-19T11:19:09","modified_gmt":"2013-12-19T11:19:09","slug":"landrat-goerig-verabschiedete-ursula-huschka-in-den-ruhestand","status":"publish","type":"post","link":"https:\/\/www.fuldaernachrichten.de\/?p=118086","title":{"rendered":"Landrat G\u00f6rig verabschiedete Ursula Huschka in den Ruhestand"},"content":{"rendered":"<div id=\"attachment_118087\" style=\"width: 275px\" class=\"wp-caption alignleft\"><a href=\"http:\/\/www.fuldaer-nachrichten.de\/wp-content\/uploads\/2013\/12\/1KBHuschkaLRSchenker.jpg\"><img decoding=\"async\" aria-describedby=\"caption-attachment-118087\" class=\"size-thumbnail wp-image-118087\" alt=\" von links Bildungsdezernent Peter Zielinski, Ursula Huschka, Landrat Manfred G\u00f6rig und Monika Schenker, Leiterin der Volkshochschule. Foto: Gabriele Richter, Pressestelle Vogelsbergkreis\" src=\"http:\/\/www.fuldaer-nachrichten.de\/wp-content\/uploads\/2013\/12\/1KBHuschkaLRSchenker-265x187.jpg\" width=\"265\" height=\"187\" srcset=\"https:\/\/www.fuldaernachrichten.de\/wp-content\/uploads\/2013\/12\/1KBHuschkaLRSchenker-265x187.jpg 265w, https:\/\/www.fuldaernachrichten.de\/wp-content\/uploads\/2013\/12\/1KBHuschkaLRSchenker.jpg 600w\" sizes=\"(max-width: 265px) 100vw, 265px\" \/><\/a><p id=\"caption-attachment-118087\" class=\"wp-caption-text\">von links Bildungsdezernent Peter Zielinski, Ursula Huschka, Landrat Manfred G\u00f6rig und Monika Schenker, Leiterin der Volkshochschule. Foto: Gabriele Richter, Pressestelle Vogelsbergkreis<\/p><\/div>\n<p>Vogelsbergkreis. Landrat Manfred G\u00f6rig und Erster Kreisbeigeordneter Peter Zielinski haben in einer kleinen Feierstunde Ursula Huschka in den Ruhestand verabschiedet. Beide dankten f\u00fcr die jahrzehntelange engagierte Arbeit und sprachen Frau Huschka ihren Dank und Hochachtung sowie die besten W\u00fcnsche f\u00fcr den neuen Lebensabschnitt aus. Christa Wiese (Hauptamt), Monika Schenker und Karin Gr\u00f6ger (Volkshochschule), Personalratsvorsitzender Peter Sukdolak und Frauenbeauftragte Conny Hentz-D\u00f6ring schlossen sich den guten W\u00fcnschen an.<!--more--><\/p>\n<p>Ursula Huschka war schon 1967 \u201edirekt von der Schulbank\u201c zur damaligen Volkshochschule des Landkreises Lauterbach gekommen, offiziell eingestellt wurde sie zum Jahresbeginn 1968. Die geb\u00fcrtige Frischbornerin hat die gesamte bewegte Geschichte der VHS miterlebt und mitgestaltet: Die Gr\u00fcndung eines Vereins, 2003 die \u00dcberf\u00fchrung der VHS in ein Amt der Kreisverwaltung und etliche Umz\u00fcge \u2013\u00c2\u00a0 zuletzt den in den \u201eAlten Esel\u201c. \u201eIch bin von der Volkshochschule nie wieder losgekommen\u201c, dr\u00fcckte Frau Huschka ihre enge Verbundenheit aus.<\/p>\n<p>Gedanken ans Aufh\u00f6ren habe sie nicht oft zugelassen, und wenn doch, dann habe sie ihren Werdegang verglichen mit einem Schiff auf See. \u201eUnd die meiste Zeit haben sch\u00f6ne Tage mit glatter See \u00fcberwogen\u201c, befand sie im Nachhinein, \u201eich m\u00f6chte keinen Tag missen.\u201c Von 1988 an war sie bis zuletzt die Assistenz im Fachbereich Gesundheit und so etwas wie die \u201eSeele\u201c oder auch das \u201eFossil\u201c der VHS, wie die Gratulanten sie liebevoll titulierten. Und falls es ihr im Ruhestand doch einmal langweilig zu werden drohe, k\u00f6nne sie ja jederzeit selbst einen Volkshochschulkurs besuchen, rieten scherzhaft die Ex-Kolleginnen.<\/p>\n","protected":false},"excerpt":{"rendered":"<div class=\"tmnf_excerpt\"><p>Vogelsbergkreis. Landrat Manfred G\u00f6rig und Erster Kreisbeigeordneter Peter Zielinski haben in einer kleinen Feierstunde Ursula Huschka in den Ruhestand verabschiedet. Beide dankten f\u00fcr die jahrzehntelange engagierte Arbeit und sprachen Frau Huschka ihren Dank und Hochachtung sowie die besten W\u00fcnsche f\u00fcr den neuen Lebensabschnitt aus. Christa Wiese (Hauptamt), Monika Schenker und Karin Gr\u00f6ger (Volkshochschule), Personalratsvorsitzender Peter &hellip;<\/p>\n<\/div>","protected":false},"author":1,"featured_media":0,"comment_status":"closed","ping_status":"closed","sticky":false,"template":"","format":"standard","meta":{"footnotes":""},"categories":[1,53],"tags":[],"class_list":["post-118086","post","type-post","status-publish","format-standard","hentry","category-startseite","category-bildung"],"_links":{"self":[{"href":"https:\/\/www.fuldaernachrichten.de\/index.php?rest_route=\/wp\/v2\/posts\/118086","targetHints":{"allow":["GET"]}}],"collection":[{"href":"https:\/\/www.fuldaernachrichten.de\/index.php?rest_route=\/wp\/v2\/posts"}],"about":[{"href":"https:\/\/www.fuldaernachrichten.de\/index.php?rest_route=\/wp\/v2\/types\/post"}],"author":[{"embeddable":true,"href":"https:\/\/www.fuldaernachrichten.de\/index.php?rest_route=\/wp\/v2\/users\/1"}],"replies":[{"embeddable":true,"href":"https:\/\/www.fuldaernachrichten.de\/index.php?rest_route=%2Fwp%2Fv2%2Fcomments&post=118086"}],"version-history":[{"count":2,"href":"https:\/\/www.fuldaernachrichten.de\/index.php?rest_route=\/wp\/v2\/posts\/118086\/revisions"}],"predecessor-version":[{"id":118118,"href":"https:\/\/www.fuldaernachrichten.de\/index.php?rest_route=\/wp\/v2\/posts\/118086\/revisions\/118118"}],"wp:attachment":[{"href":"https:\/\/www.fuldaernachrichten.de\/index.php?rest_route=%2Fwp%2Fv2%2Fmedia&parent=118086"}],"wp:term":[{"taxonomy":"category","embeddable":true,"href":"https:\/\/www.fuldaernachrichten.de\/index.php?rest_route=%2Fwp%2Fv2%2Fcategories&post=118086"},{"taxonomy":"post_tag","embeddable":true,"href":"https:\/\/www.fuldaernachrichten.de\/index.php?rest_route=%2Fwp%2Fv2%2Ftags&post=118086"}],"curies":[{"name":"wp","href":"https:\/\/api.w.org\/{rel}","templated":true}]}}