{"id":118084,"date":"2013-12-20T00:10:29","date_gmt":"2013-12-20T00:10:29","guid":{"rendered":"http:\/\/www.fuldaer-nachrichten.de\/?p=118084"},"modified":"2013-12-19T10:24:19","modified_gmt":"2013-12-19T10:24:19","slug":"kunstverein-fulda-praesentiert-false-sentimentale","status":"publish","type":"post","link":"https:\/\/www.fuldaernachrichten.de\/?p=118084","title":{"rendered":"Kunstverein Fulda pr\u00e4sentiert \u201eFalse Sentimentale\u201c"},"content":{"rendered":"<p>Fulda. Eine Gruppenausstellung junger K\u00fcnstlerinnen und K\u00fcnstler aus Berlin, Hamburg, Karlsruhe und Leipzig, die in Fulda geboren bzw. aufgewachsen sind. Zum Jahresende pr\u00e4sentiert der Kunstverein Fulda in seinen R\u00e4umlichkeiten in der Kanalstra\u00dfe 52 mit \u201eFalse Sentimentale\u201c eine Gruppenausstellung junger K\u00fcnstlerinnen und K\u00fcnstler aus Berlin, Hamburg, Karlsruhe und Leipzig, die in Fulda geboren bzw. aufgewachsen sind. <!--more--><\/p>\n<p>Die von Regine Ehleiter kuratierte Ausstellung zeigt auf zwei Etagen Gem\u00e4lde, Skulpturen, Fotografien, Papier- und Videoarbeiten von Christoph Both-Asmus (*1984), Jaane Christensen (*1979), Marco Dorn (*1983), Sebastian Ebenberger (*1978), Annika Gutsche (*1991), Sebastian Pless (*1985), Jakob Schmitt (*1988) und Kathrin Spirk (*1978).<\/p>\n<p>Ihren Ausgangspunkt nimmt die Ausstellung im Nachdenken \u00fcber den vielschichtig konnotierten Begriff der Sentimentalit\u00e4t. Sehns\u00fcchtiges Schwelgen, geheucheltes Gef\u00fchl und kitschige Repr\u00e4sentations\u00e4sthetik pr\u00e4gen unser Bild vom Sentimentalen. Doch im Gegensatz zur \u00fcberspannten Vergangenheitsbeschw\u00f6rung umschreibt das franz\u00f6sische \u201esentimentale\u201c neutral einen Gef\u00fchlzustand, der durch Empfindsamkeit gekennzeichnet ist. Sein melancholisches St\u00fcck \u201eValse sentimentale\u201c komponiert Peter Tschaikowski 1882 nach einer Phase ausgedehnter Reisen, in einem Moment der Unsicherheit und Selbstbefragung. Die hier anklingende Kontingenz kennzeichnet auch die Position der Gegenwart, aus der die K\u00fcnstlerinnen und K\u00fcnstler nun zur\u00fcck auf ihre Zeit in Fulda blicken.<\/p>\n<p>Die Er\u00f6ffnung der Ausstellung wird am Montag, 23. Dezember 2013, um 19 Uhr stattfinden. Musikalischer Akt an diesem Abend: Jonas Wehner (www.facebook.com\/WARMGRAVES)<br \/>\nMit freundlicher Unterst\u00fctzung von Filmreflex Mediaproduktion (http:\/\/www.filmreflex.de\/)<\/p>\n<p>Kunstverein Fulda, Kanalstra\u00dfe 52, 36037 Fulda \/\/ Laufzeit der Ausstellung: 24.-29.12.2013 \/\/<br \/>\n\u00d6ffnungszeiten: Mittwoch bis Sonntag (25.-29.12.), 15-18 Uhr, Samstag (28.12.) 10-18 Uhr<\/p>\n","protected":false},"excerpt":{"rendered":"<div class=\"tmnf_excerpt\"><p>Fulda. Eine Gruppenausstellung junger K\u00fcnstlerinnen und K\u00fcnstler aus Berlin, Hamburg, Karlsruhe und Leipzig, die in Fulda geboren bzw. aufgewachsen sind. Zum Jahresende pr\u00e4sentiert der Kunstverein Fulda in seinen R\u00e4umlichkeiten in der Kanalstra\u00dfe 52 mit \u201eFalse Sentimentale\u201c eine Gruppenausstellung junger K\u00fcnstlerinnen und K\u00fcnstler aus Berlin, Hamburg, Karlsruhe und Leipzig, die in Fulda geboren bzw. aufgewachsen sind.<\/p>\n<\/div>","protected":false},"author":1,"featured_media":0,"comment_status":"closed","ping_status":"closed","sticky":false,"template":"","format":"standard","meta":{"footnotes":""},"categories":[1,44],"tags":[],"class_list":["post-118084","post","type-post","status-publish","format-standard","hentry","category-startseite","category-kultur"],"_links":{"self":[{"href":"https:\/\/www.fuldaernachrichten.de\/index.php?rest_route=\/wp\/v2\/posts\/118084","targetHints":{"allow":["GET"]}}],"collection":[{"href":"https:\/\/www.fuldaernachrichten.de\/index.php?rest_route=\/wp\/v2\/posts"}],"about":[{"href":"https:\/\/www.fuldaernachrichten.de\/index.php?rest_route=\/wp\/v2\/types\/post"}],"author":[{"embeddable":true,"href":"https:\/\/www.fuldaernachrichten.de\/index.php?rest_route=\/wp\/v2\/users\/1"}],"replies":[{"embeddable":true,"href":"https:\/\/www.fuldaernachrichten.de\/index.php?rest_route=%2Fwp%2Fv2%2Fcomments&post=118084"}],"version-history":[{"count":1,"href":"https:\/\/www.fuldaernachrichten.de\/index.php?rest_route=\/wp\/v2\/posts\/118084\/revisions"}],"predecessor-version":[{"id":118085,"href":"https:\/\/www.fuldaernachrichten.de\/index.php?rest_route=\/wp\/v2\/posts\/118084\/revisions\/118085"}],"wp:attachment":[{"href":"https:\/\/www.fuldaernachrichten.de\/index.php?rest_route=%2Fwp%2Fv2%2Fmedia&parent=118084"}],"wp:term":[{"taxonomy":"category","embeddable":true,"href":"https:\/\/www.fuldaernachrichten.de\/index.php?rest_route=%2Fwp%2Fv2%2Fcategories&post=118084"},{"taxonomy":"post_tag","embeddable":true,"href":"https:\/\/www.fuldaernachrichten.de\/index.php?rest_route=%2Fwp%2Fv2%2Ftags&post=118084"}],"curies":[{"name":"wp","href":"https:\/\/api.w.org\/{rel}","templated":true}]}}