{"id":118082,"date":"2013-12-19T10:23:19","date_gmt":"2013-12-19T10:23:19","guid":{"rendered":"http:\/\/www.fuldaer-nachrichten.de\/?p=118082"},"modified":"2013-12-19T10:23:19","modified_gmt":"2013-12-19T10:23:19","slug":"jedes-ende-ist-ein-neuer-anfang-die-letzte-ausstellung-der-red-corridor-gallery-fulda-in-den-raeumen-loeherstrasse-19","status":"publish","type":"post","link":"https:\/\/www.fuldaernachrichten.de\/?p=118082","title":{"rendered":"\u201eJedes Ende ist ein neuer Anfang\u201c &#8211; die letzte Ausstellung der Red Corridor Gallery Fulda in den R\u00e4umen L\u00f6herstra\u00dfe 19"},"content":{"rendered":"<p>Fulda. Seit fast 8 Jahren ist die K\u00fcnstlergruppe in der RED CORRIDOR Gallery, L\u00f6herstra\u00dfe 19 ein wichtiger kultureller Bestandteil in Fulda. Dieser Teil der Geschichte neigt sich dem Ende zu, da die R\u00e4ume in der L\u00f6herstra\u00dfe 19, Fulda zum Jahresende wegen des Umzugs in eine neue Gallery, im Fr\u00fchjahr 2014, aufgegeben werden. F\u00fcr die letzte Ausstellung \u201eJedes Ende ist ein neuer Anfang\u201c haben sich Joanna und Leszek Skurski etwas Besonderes einfallen lassen.<!--more--><\/p>\n<p>Sieben K\u00fcnstler aus dem Umfeld der Gallery wurden eingeladen ihre Werke zu pr\u00e4sentieren. Auf zwei Etagen werden noch bis zum 28.12.13 Gem\u00e4lde, Skulpturen, Fotografien und sogar eine \u201eHommage an Leszek Skurski\u201c gezeigt. Die K\u00fcnstler k\u00f6nnen nicht unterschiedlicher sein, aber alle verbindet eins &#8211; die RED CORRIDOR Gallery. Wer es zeitlich noch nicht geschafft hat die Ausstellung zu besuchen, f\u00fcr denjenigen gibt es am Samstag, 21.12.13 von 11 bis 16 Uhr eine ganz besondere Chance- Am Samstag wird das ART\u00c2\u00b2 Kollektiv Schulenberg interessierte durch die Ausstellung f\u00fchren.<\/p>\n<p>Die Arbeiten von Leszek Skurski haben die Zwillingsschwestern Schulenberg schon immer fasziniert und inspiriert &#8211; mit einer \u201eHommage an Leszek Skurski\u201c wollen sie ihre ganz eigene Interpretation aufzeigen. Dabei wurden alten Flohmarkt Foto Fundst\u00fccke neues Leben eingehaucht. Wer sein ganz pers\u00f6nliches Foto umgestalten lassen m\u00f6chte, kann dies am Samstag gerne mitbringen. Alle sind herzlich eingeladen, sich in der Ausstellung in eine andere Welt versetzen zu lassen und sich auf Weihnachten einzustimmen.<\/p>\n","protected":false},"excerpt":{"rendered":"<div class=\"tmnf_excerpt\"><p>Fulda. Seit fast 8 Jahren ist die K\u00fcnstlergruppe in der RED CORRIDOR Gallery, L\u00f6herstra\u00dfe 19 ein wichtiger kultureller Bestandteil in Fulda. Dieser Teil der Geschichte neigt sich dem Ende zu, da die R\u00e4ume in der L\u00f6herstra\u00dfe 19, Fulda zum Jahresende wegen des Umzugs in eine neue Gallery, im Fr\u00fchjahr 2014, aufgegeben werden. F\u00fcr die letzte &hellip;<\/p>\n<\/div>","protected":false},"author":1,"featured_media":0,"comment_status":"closed","ping_status":"closed","sticky":false,"template":"","format":"standard","meta":{"footnotes":""},"categories":[1,29],"tags":[],"class_list":["post-118082","post","type-post","status-publish","format-standard","hentry","category-startseite","category-politik"],"_links":{"self":[{"href":"https:\/\/www.fuldaernachrichten.de\/index.php?rest_route=\/wp\/v2\/posts\/118082","targetHints":{"allow":["GET"]}}],"collection":[{"href":"https:\/\/www.fuldaernachrichten.de\/index.php?rest_route=\/wp\/v2\/posts"}],"about":[{"href":"https:\/\/www.fuldaernachrichten.de\/index.php?rest_route=\/wp\/v2\/types\/post"}],"author":[{"embeddable":true,"href":"https:\/\/www.fuldaernachrichten.de\/index.php?rest_route=\/wp\/v2\/users\/1"}],"replies":[{"embeddable":true,"href":"https:\/\/www.fuldaernachrichten.de\/index.php?rest_route=%2Fwp%2Fv2%2Fcomments&post=118082"}],"version-history":[{"count":1,"href":"https:\/\/www.fuldaernachrichten.de\/index.php?rest_route=\/wp\/v2\/posts\/118082\/revisions"}],"predecessor-version":[{"id":118083,"href":"https:\/\/www.fuldaernachrichten.de\/index.php?rest_route=\/wp\/v2\/posts\/118082\/revisions\/118083"}],"wp:attachment":[{"href":"https:\/\/www.fuldaernachrichten.de\/index.php?rest_route=%2Fwp%2Fv2%2Fmedia&parent=118082"}],"wp:term":[{"taxonomy":"category","embeddable":true,"href":"https:\/\/www.fuldaernachrichten.de\/index.php?rest_route=%2Fwp%2Fv2%2Fcategories&post=118082"},{"taxonomy":"post_tag","embeddable":true,"href":"https:\/\/www.fuldaernachrichten.de\/index.php?rest_route=%2Fwp%2Fv2%2Ftags&post=118082"}],"curies":[{"name":"wp","href":"https:\/\/api.w.org\/{rel}","templated":true}]}}