{"id":118080,"date":"2013-12-19T10:20:51","date_gmt":"2013-12-19T10:20:51","guid":{"rendered":"http:\/\/www.fuldaer-nachrichten.de\/?p=118080"},"modified":"2013-12-19T10:20:51","modified_gmt":"2013-12-19T10:20:51","slug":"das-auditorium-maximum-der-adolphsuniversitaet","status":"publish","type":"post","link":"https:\/\/www.fuldaernachrichten.de\/?p=118080","title":{"rendered":"Das Auditorium Maximum der Adolphsuniversit\u00e4t"},"content":{"rendered":"<p>Fulda. \u201eDas Auditorium Maximum der Adolphsuniversit\u00e4t\u201c ist Thema eine Vortrags des Fuldaer Geschichtsvereins. Der fr\u00fchere Kulturamtsleiter Dr. Werner Kirchhoff pr\u00e4sentiert neue Forschungsergebnisse zur Baugeschichte und Innenausstattung der ehemaligen Fuldaer Universit\u00e4t, die 1734 gegr\u00fcndet wurde und bis 1805 bestand. \u00e2\u20ac\u00a8Die kostenfreie Veranstaltung, zu der auch Nichtmitglieder des Geschichtsvereins herzlich willkommen sind, findet am 19. Dezember 2013, um 19.30 Uhr, im Vortragsraum des Vonderau Museums statt.<\/p>\n","protected":false},"excerpt":{"rendered":"<div class=\"tmnf_excerpt\"><p>Fulda. \u201eDas Auditorium Maximum der Adolphsuniversit\u00e4t\u201c ist Thema eine Vortrags des Fuldaer Geschichtsvereins. Der fr\u00fchere Kulturamtsleiter Dr. Werner Kirchhoff pr\u00e4sentiert neue Forschungsergebnisse zur Baugeschichte und Innenausstattung der ehemaligen Fuldaer Universit\u00e4t, die 1734 gegr\u00fcndet wurde und bis 1805 bestand. \u00e2\u20ac\u00a8Die kostenfreie Veranstaltung, zu der auch Nichtmitglieder des Geschichtsvereins herzlich willkommen sind, findet am 19. Dezember 2013, &hellip;<\/p>\n<\/div>","protected":false},"author":1,"featured_media":0,"comment_status":"closed","ping_status":"closed","sticky":false,"template":"","format":"standard","meta":{"footnotes":""},"categories":[1,44],"tags":[],"class_list":["post-118080","post","type-post","status-publish","format-standard","hentry","category-startseite","category-kultur"],"_links":{"self":[{"href":"https:\/\/www.fuldaernachrichten.de\/index.php?rest_route=\/wp\/v2\/posts\/118080","targetHints":{"allow":["GET"]}}],"collection":[{"href":"https:\/\/www.fuldaernachrichten.de\/index.php?rest_route=\/wp\/v2\/posts"}],"about":[{"href":"https:\/\/www.fuldaernachrichten.de\/index.php?rest_route=\/wp\/v2\/types\/post"}],"author":[{"embeddable":true,"href":"https:\/\/www.fuldaernachrichten.de\/index.php?rest_route=\/wp\/v2\/users\/1"}],"replies":[{"embeddable":true,"href":"https:\/\/www.fuldaernachrichten.de\/index.php?rest_route=%2Fwp%2Fv2%2Fcomments&post=118080"}],"version-history":[{"count":1,"href":"https:\/\/www.fuldaernachrichten.de\/index.php?rest_route=\/wp\/v2\/posts\/118080\/revisions"}],"predecessor-version":[{"id":118081,"href":"https:\/\/www.fuldaernachrichten.de\/index.php?rest_route=\/wp\/v2\/posts\/118080\/revisions\/118081"}],"wp:attachment":[{"href":"https:\/\/www.fuldaernachrichten.de\/index.php?rest_route=%2Fwp%2Fv2%2Fmedia&parent=118080"}],"wp:term":[{"taxonomy":"category","embeddable":true,"href":"https:\/\/www.fuldaernachrichten.de\/index.php?rest_route=%2Fwp%2Fv2%2Fcategories&post=118080"},{"taxonomy":"post_tag","embeddable":true,"href":"https:\/\/www.fuldaernachrichten.de\/index.php?rest_route=%2Fwp%2Fv2%2Ftags&post=118080"}],"curies":[{"name":"wp","href":"https:\/\/api.w.org\/{rel}","templated":true}]}}