{"id":118077,"date":"2013-12-19T10:19:45","date_gmt":"2013-12-19T10:19:45","guid":{"rendered":"http:\/\/www.fuldaer-nachrichten.de\/?p=118077"},"modified":"2013-12-19T10:20:00","modified_gmt":"2013-12-19T10:20:00","slug":"abwasserverband-fulda-verabschiedet-haushalt-2014-stabile-gebuehren-bei-hohen-investitionen","status":"publish","type":"post","link":"https:\/\/www.fuldaernachrichten.de\/?p=118077","title":{"rendered":"Abwasserverband Fulda verabschiedet Haushalt 2014 &#8211; Stabile Geb\u00fchren bei hohen Investitionen"},"content":{"rendered":"<p>Fulda. \u201eDie Sicherstellung einer geordneten Siedlungsentw\u00e4sserung ist das wichtige Ziel unserer Infrastrukturpolitik. Weitere aktuelle Themen wie die Energieeffizienz und der Schutz vor \u201eUrbanen Sturzfluten\u201c, wie sie im vergangenen Sommer unsere Region getroffen haben, sind aber deutlich wahrnehmbar an unser Aufgabenspektrum heranger\u00fcckt,\u201c so umschrieb die Verbandsvorsitzende, Fuldas Stadtbaur\u00e4tin Cornelia Zuschke die Arbeitsschwerpunkte, die sich im Haushaltsplan des Abwasserverbandes f\u00fcr 2014 niederschlagen. Dazu laufen gr\u00f6\u00dfere Betonsanierungsprojekte an den Kl\u00e4ranlagen und Regenr\u00fcckhaltebecken an.<!--more--><\/p>\n<p>Der in den Verbandsgremien beratene Ergebnishaushalt wird im kommenden Jahr mit 15,7 Mio. Euro abschlie\u00dfen. Das Gesamtvolumen der Investitionen betr\u00e4gt 9,2 Mio. Euro, wovon rd. 8 Mio. Euro in die Sanierung und Erweiterung von Abwasseranlagen flie\u00dfen werden. Als bedeutende Projekte der insgesamt 23 Bauma\u00dfnahme sind exemplarisch die Kanalerneuerung im Bereich der Kreuzung \u201eHeidelsteinstra\u00dfe\/K\u00fcnzeller Stra\u00dfe\u201c, die Erneuerung der Kan\u00e4le in der \u201ePionierstra\u00dfe\u201c in Harmerz sowie in der \u201eLangebr\u00fcckenstra\u00dfe\u201c in Fulda zu nennen. Die wichtigsten abwassertechnischen Erschlie\u00dfungsma\u00dfnahmen sind in Fulda die Baugebiete im Bereich Edelzell \u201eJosephine-Grau-Stra\u00dfe\u201c und \u201eHeinemannstra\u00dfe\u201c sowie die Gewerbefl\u00e4che \u201eS\u00fcdliche Karrystra\u00dfe\u201c im Industriegebiet West, wenn hier die Bauleitplanung die M\u00f6glichkeiten schafft.<\/p>\n<p>In K\u00fcnzell sollen die Erschlie\u00dfung des Baugebietes \u201eIn der Harbach II\u201c und in Petersberg die Erschlie\u00dfung des Baugebietes \u201eHainberg-S\u00fcdwest\u201c realisiert werden. \u201eMit diesem gro\u00dfen Bauprogramm, welches ein Beleg f\u00fcr die nachhaltige Investitions- und Finanzpolitik des Abwasserverbandes Fulda ist, sind wir auch im Jahr 2014 wieder ein stetiger und verl\u00e4sslicher Faktor f\u00fcr die heimische Bauwirtschaft\u201c, erl\u00e4uterte die Verbandsvorsitzende. Der Haushalt 2014 wurde von der Verbandsversammlung einstimmig bei 4 Stimmenthaltungen verabschiedet.<\/p>\n<p>Weiterhin erteilten die Mitglieder der Verbandsversammlung des Abwasserverbandes Fulda in der letzten Sitzung zum Jahresende dem Verbandsvorstand einstimmig bei 2 Stimmenthaltungen die Entlastung f\u00fcr die Jahresrechnung des Haushaltsjahrs 2010. Des Weiteren wurde im Rahmen einer \u00c4nderung der Abwasserbeseitigungssatzung einstimmig bei einer Stimmenthaltung der Erh\u00f6hung der Einheitss\u00e4tze f\u00fcr die Abrechnung der Herstellungskosten von Anschlussleitungen im \u00f6ffentlichen Stra\u00dfenbereich bei der Erschlie\u00dfung von Baugrundst\u00fccken beschlossen, die aufgrund gestiegener Baupreise erforderlich wurde.<\/p>\n<p>\u201eAlles in Allem bleiben wir aber im Geb\u00fchrenbereich stabil und das ist eine gute Nachricht aus dem Abwasserverband. In diesem Sinne w\u00fcnschen wir unseren Kunden und Gesch\u00e4ftspartnern frohe Weihnachten und neuen Mut f\u00fcr ein erfolgreiches 2014\u201c, so die Verbandsvorsitzende abschlie\u00dfend.<\/p>\n","protected":false},"excerpt":{"rendered":"<div class=\"tmnf_excerpt\"><p>Fulda. \u201eDie Sicherstellung einer geordneten Siedlungsentw\u00e4sserung ist das wichtige Ziel unserer Infrastrukturpolitik. Weitere aktuelle Themen wie die Energieeffizienz und der Schutz vor \u201eUrbanen Sturzfluten\u201c, wie sie im vergangenen Sommer unsere Region getroffen haben, sind aber deutlich wahrnehmbar an unser Aufgabenspektrum heranger\u00fcckt,\u201c so umschrieb die Verbandsvorsitzende, Fuldas Stadtbaur\u00e4tin Cornelia Zuschke die Arbeitsschwerpunkte, die sich im Haushaltsplan &hellip;<\/p>\n<\/div>","protected":false},"author":1,"featured_media":0,"comment_status":"closed","ping_status":"closed","sticky":false,"template":"","format":"standard","meta":{"footnotes":""},"categories":[1,29],"tags":[],"class_list":["post-118077","post","type-post","status-publish","format-standard","hentry","category-startseite","category-politik"],"_links":{"self":[{"href":"https:\/\/www.fuldaernachrichten.de\/index.php?rest_route=\/wp\/v2\/posts\/118077","targetHints":{"allow":["GET"]}}],"collection":[{"href":"https:\/\/www.fuldaernachrichten.de\/index.php?rest_route=\/wp\/v2\/posts"}],"about":[{"href":"https:\/\/www.fuldaernachrichten.de\/index.php?rest_route=\/wp\/v2\/types\/post"}],"author":[{"embeddable":true,"href":"https:\/\/www.fuldaernachrichten.de\/index.php?rest_route=\/wp\/v2\/users\/1"}],"replies":[{"embeddable":true,"href":"https:\/\/www.fuldaernachrichten.de\/index.php?rest_route=%2Fwp%2Fv2%2Fcomments&post=118077"}],"version-history":[{"count":2,"href":"https:\/\/www.fuldaernachrichten.de\/index.php?rest_route=\/wp\/v2\/posts\/118077\/revisions"}],"predecessor-version":[{"id":118079,"href":"https:\/\/www.fuldaernachrichten.de\/index.php?rest_route=\/wp\/v2\/posts\/118077\/revisions\/118079"}],"wp:attachment":[{"href":"https:\/\/www.fuldaernachrichten.de\/index.php?rest_route=%2Fwp%2Fv2%2Fmedia&parent=118077"}],"wp:term":[{"taxonomy":"category","embeddable":true,"href":"https:\/\/www.fuldaernachrichten.de\/index.php?rest_route=%2Fwp%2Fv2%2Fcategories&post=118077"},{"taxonomy":"post_tag","embeddable":true,"href":"https:\/\/www.fuldaernachrichten.de\/index.php?rest_route=%2Fwp%2Fv2%2Ftags&post=118077"}],"curies":[{"name":"wp","href":"https:\/\/api.w.org\/{rel}","templated":true}]}}