{"id":118071,"date":"2013-12-19T10:17:51","date_gmt":"2013-12-19T10:17:51","guid":{"rendered":"http:\/\/www.fuldaer-nachrichten.de\/?p=118071"},"modified":"2013-12-19T10:17:51","modified_gmt":"2013-12-19T10:17:51","slug":"firma-huetter-in-tann-ehrt-zahlreiche-mitarbeiter-fuer-langjaehrige-betriebszugehoerigkeit","status":"publish","type":"post","link":"https:\/\/www.fuldaernachrichten.de\/?p=118071","title":{"rendered":"Firma H\u00fctter in Tann ehrt zahlreiche Mitarbeiter f\u00fcr langj\u00e4hrige Betriebszugeh\u00f6rigkeit"},"content":{"rendered":"<div id=\"attachment_118072\" style=\"width: 275px\" class=\"wp-caption alignleft\"><a href=\"http:\/\/www.fuldaer-nachrichten.de\/wp-content\/uploads\/2013\/12\/Pressebild-Arbeitsjubil\u00e4en-H\u00fctter.jpg\"><img decoding=\"async\" aria-describedby=\"caption-attachment-118072\" class=\"size-thumbnail wp-image-118072\" alt=\"von l.: Manfred Sch\u00fcler, Thomas H\u00fctter, Hans-J\u00fcrgen Bender, Manfred Frank, Edgar Ziegler. Es fehlt Lothar Rommel.\" src=\"http:\/\/www.fuldaer-nachrichten.de\/wp-content\/uploads\/2013\/12\/Pressebild-Arbeitsjubil\u00e4en-H\u00fctter-265x153.jpg\" width=\"265\" height=\"153\" \/><\/a><p id=\"caption-attachment-118072\" class=\"wp-caption-text\">von l.: Manfred Sch\u00fcler, Thomas H\u00fctter, Hans-J\u00fcrgen Bender, Manfred Frank, Edgar Ziegler. Es fehlt Lothar Rommel.<\/p><\/div>\n<p>Tann. Wenn ein Mitarbeiter f\u00fcr 40 Jahre Betriebszugeh\u00f6rigkeit geehrt wird, dann ist das in der heutigen schnelllebigen Zeit schon was Besonders. Der 1939 gegr\u00fcndete Malerfachbetrieb Karl H\u00fctter KG in Tann konnte jetzt gleich zwei Mitarbeiter f\u00fcr ein solches Arbeitsjubil\u00e4um auszeichnen. Hans-J\u00fcrgen Bender ist seit seiner Lehre bei H\u00fctter besch\u00e4ftigt und arbeitet heute als Vorarbeiter im Bereich Putz. Ebenfalls seit 40 Jahren bei der Firma H\u00fctter dabei ist Edgar Ziegler, Vorarbeiter f\u00fcr die klassischen Maler- und Lackierarbeiten im Innenausbau. Au\u00dferdem ist er f\u00fcr die Auszubildenden zust\u00e4ndig, um ihnen die ersten Grundkenntnisse zu vermitteln.<!--more--><\/p>\n<p>Ausgezeichnet und geehrt wurden au\u00dferdem f\u00fcr 35 Jahre Betriebszugeh\u00f6rigkeit Lothar Rommel, dessen Spezialgebiet die Fu\u00dfbodenbeschichtung ist,\u00c2\u00a0 f\u00fcr 30 Jahre\u00c2\u00a0 Betriebszugeh\u00f6rigkeit Manfred Frank, der als Vorarbeiter eigenverantwortlich f\u00fcr H\u00fctter eine Montagegruppe im Raum Mannheim leitet, sowie f\u00fcr 25 Jahre Betriebszugeh\u00f6rigkeit Thomas Fu\u00df, der als Vorarbeiter einen Ger\u00fcstbautrupp anf\u00fchrt.<\/p>\n<p>Firmenchef Thomas H\u00fctter dankte allen Mitarbeitern f\u00fcr die langj\u00e4hrige Treue zur Firma. Ohne ihre Arbeitsleistung und ihr Fachwissen w\u00e4re eine erfolgreiche Arbeit nicht m\u00f6glich. Durch ihren Einsatz h\u00e4tten sie ganz wesentlich zum Erfolg des Unternehmens beigetragen. Gl\u00fcckw\u00fcnsche der Innung sowie der Kreishandwerkerschaft als Innungsgesch\u00e4ftsstelle \u00fcberbrachte Gesch\u00e4ftsf\u00fchrer Manfred Sch\u00fcler.<\/p>\n","protected":false},"excerpt":{"rendered":"<div class=\"tmnf_excerpt\"><p>Tann. Wenn ein Mitarbeiter f\u00fcr 40 Jahre Betriebszugeh\u00f6rigkeit geehrt wird, dann ist das in der heutigen schnelllebigen Zeit schon was Besonders. Der 1939 gegr\u00fcndete Malerfachbetrieb Karl H\u00fctter KG in Tann konnte jetzt gleich zwei Mitarbeiter f\u00fcr ein solches Arbeitsjubil\u00e4um auszeichnen. Hans-J\u00fcrgen Bender ist seit seiner Lehre bei H\u00fctter besch\u00e4ftigt und arbeitet heute als Vorarbeiter im &hellip;<\/p>\n<\/div>","protected":false},"author":1,"featured_media":0,"comment_status":"closed","ping_status":"closed","sticky":false,"template":"","format":"standard","meta":{"footnotes":""},"categories":[1,29],"tags":[],"class_list":["post-118071","post","type-post","status-publish","format-standard","hentry","category-startseite","category-politik"],"_links":{"self":[{"href":"https:\/\/www.fuldaernachrichten.de\/index.php?rest_route=\/wp\/v2\/posts\/118071","targetHints":{"allow":["GET"]}}],"collection":[{"href":"https:\/\/www.fuldaernachrichten.de\/index.php?rest_route=\/wp\/v2\/posts"}],"about":[{"href":"https:\/\/www.fuldaernachrichten.de\/index.php?rest_route=\/wp\/v2\/types\/post"}],"author":[{"embeddable":true,"href":"https:\/\/www.fuldaernachrichten.de\/index.php?rest_route=\/wp\/v2\/users\/1"}],"replies":[{"embeddable":true,"href":"https:\/\/www.fuldaernachrichten.de\/index.php?rest_route=%2Fwp%2Fv2%2Fcomments&post=118071"}],"version-history":[{"count":1,"href":"https:\/\/www.fuldaernachrichten.de\/index.php?rest_route=\/wp\/v2\/posts\/118071\/revisions"}],"predecessor-version":[{"id":118073,"href":"https:\/\/www.fuldaernachrichten.de\/index.php?rest_route=\/wp\/v2\/posts\/118071\/revisions\/118073"}],"wp:attachment":[{"href":"https:\/\/www.fuldaernachrichten.de\/index.php?rest_route=%2Fwp%2Fv2%2Fmedia&parent=118071"}],"wp:term":[{"taxonomy":"category","embeddable":true,"href":"https:\/\/www.fuldaernachrichten.de\/index.php?rest_route=%2Fwp%2Fv2%2Fcategories&post=118071"},{"taxonomy":"post_tag","embeddable":true,"href":"https:\/\/www.fuldaernachrichten.de\/index.php?rest_route=%2Fwp%2Fv2%2Ftags&post=118071"}],"curies":[{"name":"wp","href":"https:\/\/api.w.org\/{rel}","templated":true}]}}