{"id":118066,"date":"2013-12-19T10:13:55","date_gmt":"2013-12-19T10:13:55","guid":{"rendered":"http:\/\/www.fuldaer-nachrichten.de\/?p=118066"},"modified":"2013-12-19T10:13:55","modified_gmt":"2013-12-19T10:13:55","slug":"awo-geschaeftsstelle-fulda-ist-ueber-weihnachten-und-silvester-geschlossen","status":"publish","type":"post","link":"https:\/\/www.fuldaernachrichten.de\/?p=118066","title":{"rendered":"AWO Gesch\u00e4ftsstelle Fulda ist \u00fcber Weihnachten und Silvester geschlossen"},"content":{"rendered":"<p>Fulda. Die Hauptgesch\u00e4ftsstelle des AWO Kreisverbands Fulda in der Frankfurter Stra\u00dfe 28 ist vom 23.12.2013 bis zum 01.01.2014 geschlossen. Alle Verwaltungsstellen sowie die in der Zentrale angesiedelten Dienste und offenen Sprechstunden sind erst wieder ab Donnerstag, dem 02. Januar, zu den \u00fcblichen Gesch\u00e4ftszeiten erreichbar. Das AWO Projekt Lohn und Brot und die Fahrradwerkstatt sind ab 06.01.2013 wieder ge\u00f6ffnet.<\/p>\n","protected":false},"excerpt":{"rendered":"<div class=\"tmnf_excerpt\"><p>Fulda. Die Hauptgesch\u00e4ftsstelle des AWO Kreisverbands Fulda in der Frankfurter Stra\u00dfe 28 ist vom 23.12.2013 bis zum 01.01.2014 geschlossen. Alle Verwaltungsstellen sowie die in der Zentrale angesiedelten Dienste und offenen Sprechstunden sind erst wieder ab Donnerstag, dem 02. Januar, zu den \u00fcblichen Gesch\u00e4ftszeiten erreichbar. Das AWO Projekt Lohn und Brot und die Fahrradwerkstatt sind ab &hellip;<\/p>\n<\/div>","protected":false},"author":1,"featured_media":0,"comment_status":"closed","ping_status":"closed","sticky":false,"template":"","format":"standard","meta":{"footnotes":""},"categories":[1],"tags":[],"class_list":["post-118066","post","type-post","status-publish","format-standard","hentry","category-startseite"],"_links":{"self":[{"href":"https:\/\/www.fuldaernachrichten.de\/index.php?rest_route=\/wp\/v2\/posts\/118066","targetHints":{"allow":["GET"]}}],"collection":[{"href":"https:\/\/www.fuldaernachrichten.de\/index.php?rest_route=\/wp\/v2\/posts"}],"about":[{"href":"https:\/\/www.fuldaernachrichten.de\/index.php?rest_route=\/wp\/v2\/types\/post"}],"author":[{"embeddable":true,"href":"https:\/\/www.fuldaernachrichten.de\/index.php?rest_route=\/wp\/v2\/users\/1"}],"replies":[{"embeddable":true,"href":"https:\/\/www.fuldaernachrichten.de\/index.php?rest_route=%2Fwp%2Fv2%2Fcomments&post=118066"}],"version-history":[{"count":1,"href":"https:\/\/www.fuldaernachrichten.de\/index.php?rest_route=\/wp\/v2\/posts\/118066\/revisions"}],"predecessor-version":[{"id":118067,"href":"https:\/\/www.fuldaernachrichten.de\/index.php?rest_route=\/wp\/v2\/posts\/118066\/revisions\/118067"}],"wp:attachment":[{"href":"https:\/\/www.fuldaernachrichten.de\/index.php?rest_route=%2Fwp%2Fv2%2Fmedia&parent=118066"}],"wp:term":[{"taxonomy":"category","embeddable":true,"href":"https:\/\/www.fuldaernachrichten.de\/index.php?rest_route=%2Fwp%2Fv2%2Fcategories&post=118066"},{"taxonomy":"post_tag","embeddable":true,"href":"https:\/\/www.fuldaernachrichten.de\/index.php?rest_route=%2Fwp%2Fv2%2Ftags&post=118066"}],"curies":[{"name":"wp","href":"https:\/\/api.w.org\/{rel}","templated":true}]}}