{"id":118064,"date":"2013-12-19T10:13:22","date_gmt":"2013-12-19T10:13:22","guid":{"rendered":"http:\/\/www.fuldaer-nachrichten.de\/?p=118064"},"modified":"2013-12-19T10:13:22","modified_gmt":"2013-12-19T10:13:22","slug":"mittelstandsvereinigung-hessen-gratuliert-dr-braun-dr-meister-und-dr-tauber-zu-den-neuen-positionen-in-berlin","status":"publish","type":"post","link":"https:\/\/www.fuldaernachrichten.de\/?p=118064","title":{"rendered":"Mittelstandsvereinigung Hessen gratuliert Dr. Braun, Dr. Meister und Dr. Tauber zu den neuen Positionen in Berlin"},"content":{"rendered":"<p>Fulda. Die Mittelstands- und Wirtschaftsvereinigung Hessen MIT gratuliert seinen hessischen Mitgliedern Dr. Helge Braun, der Staatsminister im Bundeskanzleramt geworden ist, Dr. Michael Meister, der Parlamentarischer Staatssekret\u00e4r im Bundesministerium f\u00fcr Finanzen wurde und Dr. Peter Tauber, der zum neuen Generalsekret\u00e4r der CDU Deutschland ernannt worden ist. \u201eF\u00fcr diese verantwortungsvolle T\u00e4tigkeiten w\u00fcnscht die Hessische MIT alles Gute, eine gl\u00fcckliche Hand und Gottes Segen\u201c, erkl\u00e4rte der Landesvorsitzende Frank Hartmann in Fulda.<!--more--><\/p>\n<p>Es sei gut, dass wirtschaftspolitischer Sachverstand aus Hessen die politischen Entscheidungen in Berlin wirksam begleite. Mit dem SPD-Vorsitzenden Gabriel als Wirtschaftsminister und der SPD-Generalsekret\u00e4rin Nahles als Arbeitsministerin gebe es viele Ber\u00fchrungspunkte mit dem Mittelstand. Hier m\u00fcsse man wachsam sein. Hartmann verlangte f\u00fcr die den Mittelstand ber\u00fchrenden Gesetzesvorhaben einen Mittelstands-T\u00dcV. Es m\u00fcsse sichergestellt sein, dass es eine mittelstands-freundliche Umsetzung der Gesetzesvorhaben gebe.<\/p>\n<p>Man brauche gute Rahmenbedingungen f\u00fcr den heimischen Mittelstand. Denn nur eine starke Wirtschaft und ein starker Mittelstand garantierten die soziale Sicherheit. Die beiden Hessischen MIT-Vertreter in der Bundesregierung und der neue Generalsekret\u00e4r wurden um Unterst\u00fctzung gebeten, dass die guten Rahmenbedingungen f\u00fcr den heimischen Mittelstand erhalten blieben und gesichert und fortentwickelt w\u00fcrden.<\/p>\n","protected":false},"excerpt":{"rendered":"<div class=\"tmnf_excerpt\"><p>Fulda. Die Mittelstands- und Wirtschaftsvereinigung Hessen MIT gratuliert seinen hessischen Mitgliedern Dr. Helge Braun, der Staatsminister im Bundeskanzleramt geworden ist, Dr. Michael Meister, der Parlamentarischer Staatssekret\u00e4r im Bundesministerium f\u00fcr Finanzen wurde und Dr. Peter Tauber, der zum neuen Generalsekret\u00e4r der CDU Deutschland ernannt worden ist. \u201eF\u00fcr diese verantwortungsvolle T\u00e4tigkeiten w\u00fcnscht die Hessische MIT alles Gute, &hellip;<\/p>\n<\/div>","protected":false},"author":1,"featured_media":0,"comment_status":"closed","ping_status":"closed","sticky":false,"template":"","format":"standard","meta":{"footnotes":""},"categories":[1,29],"tags":[],"class_list":["post-118064","post","type-post","status-publish","format-standard","hentry","category-startseite","category-politik"],"_links":{"self":[{"href":"https:\/\/www.fuldaernachrichten.de\/index.php?rest_route=\/wp\/v2\/posts\/118064","targetHints":{"allow":["GET"]}}],"collection":[{"href":"https:\/\/www.fuldaernachrichten.de\/index.php?rest_route=\/wp\/v2\/posts"}],"about":[{"href":"https:\/\/www.fuldaernachrichten.de\/index.php?rest_route=\/wp\/v2\/types\/post"}],"author":[{"embeddable":true,"href":"https:\/\/www.fuldaernachrichten.de\/index.php?rest_route=\/wp\/v2\/users\/1"}],"replies":[{"embeddable":true,"href":"https:\/\/www.fuldaernachrichten.de\/index.php?rest_route=%2Fwp%2Fv2%2Fcomments&post=118064"}],"version-history":[{"count":1,"href":"https:\/\/www.fuldaernachrichten.de\/index.php?rest_route=\/wp\/v2\/posts\/118064\/revisions"}],"predecessor-version":[{"id":118065,"href":"https:\/\/www.fuldaernachrichten.de\/index.php?rest_route=\/wp\/v2\/posts\/118064\/revisions\/118065"}],"wp:attachment":[{"href":"https:\/\/www.fuldaernachrichten.de\/index.php?rest_route=%2Fwp%2Fv2%2Fmedia&parent=118064"}],"wp:term":[{"taxonomy":"category","embeddable":true,"href":"https:\/\/www.fuldaernachrichten.de\/index.php?rest_route=%2Fwp%2Fv2%2Fcategories&post=118064"},{"taxonomy":"post_tag","embeddable":true,"href":"https:\/\/www.fuldaernachrichten.de\/index.php?rest_route=%2Fwp%2Fv2%2Ftags&post=118064"}],"curies":[{"name":"wp","href":"https:\/\/api.w.org\/{rel}","templated":true}]}}