{"id":118057,"date":"2013-12-19T00:12:58","date_gmt":"2013-12-19T00:12:58","guid":{"rendered":"http:\/\/www.fuldaer-nachrichten.de\/?p=118057"},"modified":"2013-12-18T07:14:33","modified_gmt":"2013-12-18T07:14:33","slug":"schuetze-und-seifert-spendenpartner-der-oekumenischen-bahnhofsmission-fulda","status":"publish","type":"post","link":"https:\/\/www.fuldaernachrichten.de\/?p=118057","title":{"rendered":"Sch\u00fctze und Seifert Spendenpartner der \u00f6kumenischen Bahnhofsmission Fulda"},"content":{"rendered":"<div id=\"attachment_118058\" style=\"width: 275px\" class=\"wp-caption alignleft\"><a href=\"http:\/\/www.fuldaer-nachrichten.de\/wp-content\/uploads\/2013\/12\/001-RCV-BM-Sch+Seif-Spend-121213-wim.jpg\"><img decoding=\"async\" aria-describedby=\"caption-attachment-118058\" class=\"size-thumbnail wp-image-118058\" alt=\"Foto: Caritas\/ FotoText Winfried M\u00f6ller Verwaltungsleiter Sven P\u00f6ttgen, Personaldisponent Detlef Hambuch und Gesch\u00e4ftsf\u00fchrer Matthias Seifert (v.l.n.r.) \u00fcberbrachten die Spende an die Leiterin der \u00f6kumenischen Bahnhofsmission Fulda \" src=\"http:\/\/www.fuldaer-nachrichten.de\/wp-content\/uploads\/2013\/12\/001-RCV-BM-Sch+Seif-Spend-121213-wim-265x145.jpg\" width=\"265\" height=\"145\" srcset=\"https:\/\/www.fuldaernachrichten.de\/wp-content\/uploads\/2013\/12\/001-RCV-BM-Sch+Seif-Spend-121213-wim-265x145.jpg 265w, https:\/\/www.fuldaernachrichten.de\/wp-content\/uploads\/2013\/12\/001-RCV-BM-Sch+Seif-Spend-121213-wim.jpg 600w\" sizes=\"(max-width: 265px) 100vw, 265px\" \/><\/a><p id=\"caption-attachment-118058\" class=\"wp-caption-text\">Foto: Caritas\/ FotoText Winfried M\u00f6ller<br \/>Verwaltungsleiter Sven P\u00f6ttgen, Personaldisponent Detlef Hambuch und Gesch\u00e4ftsf\u00fchrer Matthias Seifert (v.l.n.r.) \u00fcberbrachten die Spende an die Leiterin der \u00f6kumenischen Bahnhofsmission Fulda<\/p><\/div>\n<p>Fulda. Ein kleines Jubil\u00e4um konnte die \u00f6kumenische Bahnhofsmission Fulda feiern. Seit 10 Jahren geh\u00f6rt Sch\u00fctze und Seifert, Firma f\u00fcr Personalvermittlung und Arbeitnehmer\u00fcberlassung mit Niederlassungen in Fulda, Gie\u00dfen, Frankfurt und W\u00fcrzburg, in der Weihnachtszeit zu den regelm\u00e4\u00dfigen Spendern f\u00fcr bed\u00fcrftige Menschen in Fulda, die in die von Caritas und Diakonie getragene Bahnhofsmission kommen. Gesch\u00e4ftsf\u00fchrer Matthias Seifert betonte, dass sich der Kontakt durch die r\u00e4umliche N\u00e4he von Firma und Bahnhofsmission ergeben habe. Zudem habe man einst die \u00f6kumenische Bahnhofsmission ausgew\u00e4hlt, um durch die Spende die ehrenamtliche Arbeit zu unterst\u00fctzen und auch die Wertsch\u00e4tzung f\u00fcr diese damit auszudr\u00fccken.<!--more--><\/p>\n<p>Er bewundere das Engagement der Ehrenamtlichen, die nicht nur Woche f\u00fcr Woche ihren Dienst t\u00e4ten, sondern auch so manchen Menschen mit seinen Sorgen und N\u00f6ten aushalten m\u00fcssten. Die \u00f6kumenische Bahnhofsmission Fulda\u00c2\u00a0 ist einen der wenigen Bahnhofsmissionen in Deutschland, die ausschlie\u00dflich mit Ehrenamtlichen arbeitet. Neben Schuhwerk und Socken im Wert von 1000 Euro \u00fcberbrachten die Firmenvertreter einen Scheck in H\u00f6he von 500 Euro. Nat\u00fcrlich durfte auch ein Karton mit Schokoladen \u2013Nikol\u00e4usen nicht fehlen.<\/p>\n<p>Monika Niestroj, Leiterin der \u00f6kumenischen Bahnhofsmission Fulda dankte f\u00fcr die zehnj\u00e4hrige Treue und betonte, dass zur Finanzierung der Arbeit Spenden notwendig seien, um der Nachfrage nach Hilfe und der Sicherstellung der Arbeit gerecht werden zu k\u00f6nnen. Im Gespr\u00e4ch wies sie auch darauf hin, dass die Suche nach ehrenamtlichen Mitarbeiterinnen und Mitarbeitern nicht leicht sei und durch personelle Engp\u00e4sse deshalb manche der ehrenamtlichen freiwillig Doppelschichten arbeiten w\u00fcrden. \u00c2\u00a0Informationen zur Bahnhofsmission erh\u00e4lt man unter der Telefonnummer: 0661\/ 73327, per E\u2013mail: fulda@bahnhofsmission.de sowie unter: <a href=\"http:\/\/www.bahnhofsmission.de\">www.bahnhofsmission.de<\/a>\u00c2\u00a0 \u201eZur n\u00e4chsten Bahnhofsmission\u201c oder \u00fcber die Internetseiten von Caritas und Diakonie zu finden.<\/p>\n","protected":false},"excerpt":{"rendered":"<div class=\"tmnf_excerpt\"><p>Fulda. Ein kleines Jubil\u00e4um konnte die \u00f6kumenische Bahnhofsmission Fulda feiern. Seit 10 Jahren geh\u00f6rt Sch\u00fctze und Seifert, Firma f\u00fcr Personalvermittlung und Arbeitnehmer\u00fcberlassung mit Niederlassungen in Fulda, Gie\u00dfen, Frankfurt und W\u00fcrzburg, in der Weihnachtszeit zu den regelm\u00e4\u00dfigen Spendern f\u00fcr bed\u00fcrftige Menschen in Fulda, die in die von Caritas und Diakonie getragene Bahnhofsmission kommen. Gesch\u00e4ftsf\u00fchrer Matthias Seifert &hellip;<\/p>\n<\/div>","protected":false},"author":1,"featured_media":0,"comment_status":"closed","ping_status":"closed","sticky":false,"template":"","format":"standard","meta":{"footnotes":""},"categories":[1],"tags":[],"class_list":["post-118057","post","type-post","status-publish","format-standard","hentry","category-startseite"],"_links":{"self":[{"href":"https:\/\/www.fuldaernachrichten.de\/index.php?rest_route=\/wp\/v2\/posts\/118057","targetHints":{"allow":["GET"]}}],"collection":[{"href":"https:\/\/www.fuldaernachrichten.de\/index.php?rest_route=\/wp\/v2\/posts"}],"about":[{"href":"https:\/\/www.fuldaernachrichten.de\/index.php?rest_route=\/wp\/v2\/types\/post"}],"author":[{"embeddable":true,"href":"https:\/\/www.fuldaernachrichten.de\/index.php?rest_route=\/wp\/v2\/users\/1"}],"replies":[{"embeddable":true,"href":"https:\/\/www.fuldaernachrichten.de\/index.php?rest_route=%2Fwp%2Fv2%2Fcomments&post=118057"}],"version-history":[{"count":1,"href":"https:\/\/www.fuldaernachrichten.de\/index.php?rest_route=\/wp\/v2\/posts\/118057\/revisions"}],"predecessor-version":[{"id":118059,"href":"https:\/\/www.fuldaernachrichten.de\/index.php?rest_route=\/wp\/v2\/posts\/118057\/revisions\/118059"}],"wp:attachment":[{"href":"https:\/\/www.fuldaernachrichten.de\/index.php?rest_route=%2Fwp%2Fv2%2Fmedia&parent=118057"}],"wp:term":[{"taxonomy":"category","embeddable":true,"href":"https:\/\/www.fuldaernachrichten.de\/index.php?rest_route=%2Fwp%2Fv2%2Fcategories&post=118057"},{"taxonomy":"post_tag","embeddable":true,"href":"https:\/\/www.fuldaernachrichten.de\/index.php?rest_route=%2Fwp%2Fv2%2Ftags&post=118057"}],"curies":[{"name":"wp","href":"https:\/\/api.w.org\/{rel}","templated":true}]}}