{"id":118050,"date":"2013-12-18T07:09:07","date_gmt":"2013-12-18T07:09:07","guid":{"rendered":"http:\/\/www.fuldaer-nachrichten.de\/?p=118050"},"modified":"2013-12-18T07:09:07","modified_gmt":"2013-12-18T07:09:07","slug":"oekumenische-bahnhofsmission-fulda-ehrte-langjaehrige-mitarbeiterinnen","status":"publish","type":"post","link":"https:\/\/www.fuldaernachrichten.de\/?p=118050","title":{"rendered":"\u00d6kumenische Bahnhofsmission Fulda ehrte langj\u00e4hrige Mitarbeiterinnen"},"content":{"rendered":"<div id=\"attachment_118051\" style=\"width: 275px\" class=\"wp-caption alignleft\"><a href=\"http:\/\/www.fuldaer-nachrichten.de\/wp-content\/uploads\/2013\/12\/011-RCV-DK-BM-Ehrungen-041213-wim.jpg\"><img decoding=\"async\" aria-describedby=\"caption-attachment-118051\" class=\"size-thumbnail wp-image-118051\" alt=\"Foto: Caritas Fulda\/  FotoText Winfried M\u00f6ller Ehrende und Geehrte (v.l.n.r.) Pfarrer Burkhard Enners, Brigitte Stempfle, Ingrid Eichler, Ingrid Heuse und Leiterin Monika Niestroj. Es fahlen Karin K\u00f6hler, Heike Wetzig und Andrea Klostermeier  \" src=\"http:\/\/www.fuldaer-nachrichten.de\/wp-content\/uploads\/2013\/12\/011-RCV-DK-BM-Ehrungen-041213-wim-265x156.jpg\" width=\"265\" height=\"156\" srcset=\"https:\/\/www.fuldaernachrichten.de\/wp-content\/uploads\/2013\/12\/011-RCV-DK-BM-Ehrungen-041213-wim-265x156.jpg 265w, https:\/\/www.fuldaernachrichten.de\/wp-content\/uploads\/2013\/12\/011-RCV-DK-BM-Ehrungen-041213-wim.jpg 600w\" sizes=\"(max-width: 265px) 100vw, 265px\" \/><\/a><p id=\"caption-attachment-118051\" class=\"wp-caption-text\">Foto: Caritas Fulda\/ FotoText Winfried M\u00f6ller<br \/>Ehrende und Geehrte (v.l.n.r.) Pfarrer Burkhard Enners, Brigitte Stempfle, Ingrid Eichler, Ingrid Heuse und Leiterin Monika Niestroj. Es fahlen Karin K\u00f6hler, Heike Wetzig und Andrea Klostermeier<\/p><\/div>\n<p>Fulda. Nach 16 Jahren ehrenamtlicher Mitarbeit in der \u00f6kumenischen Bahnhofsmission Fulda wurde Ingrid Heuse w\u00e4hrend der Adventsfeier im Diakonischen Zentrum Haus Oranien aus dem aktiven Dienst verabschiedet. Sie war als Vertreterin der ehrenamtlichen Mitarbeiterinnen und Mitarbeiter auch an der Neukonzeption der Fuldaer Bahnhofsmission beteiligt. Ihre langj\u00e4hrige Mitarbeit w\u00fcrdigten Pfarrer Burkhard Enners, Diakonie Fulda und Monika Niestroj, Regionalcaritasverband Fulda und Leiterin der \u00f6kumenischen Bahnhofsmission.<!--more--><\/p>\n<p>Ehrenamtlicher Dienst an Brennpunkten sei trotz Aufwertung des Ehrenamtes nicht selbstverst\u00e4ndlich, so die beiden Verantwortlichen. Deshalb sei es immer wieder ein Einschnitt, wenn man ehrenamtliche Mitarbeiterinnen wie Ingrid Heuse verabschieden m\u00fcsse. Sie habe durch ihre T\u00e4tigkeit Kirche als gelebten N\u00e4chstendienst f\u00fcr Menschen auf Reisen, auf der Stra\u00dfe und suchende Menschen ohne Ziel verk\u00f6rpert. F\u00fcr ihren Einsatz erhielt sie die Ehrenurkunde der Konferenz der Kirchlichen Bahnhofsmissionen in Deutschland (KKBM) \u00fcberreicht. Gleiches gelte f\u00fcr Heidi Wetzig und Karin K\u00f6hler, die beide f\u00fcr 15 Jahre geehrt wurden sowie f\u00fcr Ingrid Eichler und Brigitte Stempfle, beide 10 Jahre und Andrea Klostermeier 5 Jahre.<\/p>\n<p>Begonnen hatte die Adventsfeier mit einem \u00f6kumenischen Gottesdienst in dem die Mitarbeiterinnen Evi Lomb und Renate Lachann sowie Monika Niestroj und Pfarrer Burkhard Enners, der auch die Lieder am Klavier begleitete, mitwirkten. In seiner Ansprachen, ankn\u00fcpfend an die Geschichte \u201eManfred hat keine H\u00e4nde\u201c, stellte er klar, dass nicht alle Not beseitigt werden k\u00f6nne, gar Hilfe missbraucht und manche Notlage \u00fcbersehen werde. Besonders deshalb sei er\u00c2\u00a0 dankbar, dass sich die Mitarbeiterinnen und Mitarbeiter aus dem gro\u00dfen Angebot ehrenamtlicher T\u00e4tigkeit die Mitarbeit in der Bahnhofsmission ausgesucht h\u00e4tten. Kritisch merkte der Diakoniepfarrer an, dass immer mehr Menschen sich nur noch selbst der N\u00e4chste seien. \u00dcber allem Tun stehe der, der komme um die Welt heller zu machen und dessen Ankunft an Weihnachten gefeiert werde.<\/p>\n<p>Ingrid Heuse dankte f\u00fcr die Anerkennung der Arbeit der Ehrenamtlichen. Sie betonte, dass ihr die Arbeit immer sehr viel Freude gemacht und Erf\u00fcllung gebracht habe. Sie bedauere, dass sie ihren Dienst aus pers\u00f6nlichen Gr\u00fcnden aufgeben m\u00fcssen. Monika Niestroj wies bei ihren Dankesworten darauf hin, dass st\u00e4ndig Ersatz f\u00fcr \u00e4lter gewordene und ausgeschiedene Mitarbeiterinnen und Mitarbeiter notwendig sei. Wer sich f\u00fcr die Arbeit der \u00f6kumenischen Bahnhofsmission interessiere, k\u00f6nne sich gerne an sie unter der Telefonnummer 0661\/ 73327 oder per Mail\u00c2\u00a0 <a href=\"mailto:fulda@bahnhofsmission.de\">fulda@bahnhofsmission.de<\/a> wenden.<\/p>\n","protected":false},"excerpt":{"rendered":"<div class=\"tmnf_excerpt\"><p>Fulda. Nach 16 Jahren ehrenamtlicher Mitarbeit in der \u00f6kumenischen Bahnhofsmission Fulda wurde Ingrid Heuse w\u00e4hrend der Adventsfeier im Diakonischen Zentrum Haus Oranien aus dem aktiven Dienst verabschiedet. Sie war als Vertreterin der ehrenamtlichen Mitarbeiterinnen und Mitarbeiter auch an der Neukonzeption der Fuldaer Bahnhofsmission beteiligt. Ihre langj\u00e4hrige Mitarbeit w\u00fcrdigten Pfarrer Burkhard Enners, Diakonie Fulda und Monika &hellip;<\/p>\n<\/div>","protected":false},"author":1,"featured_media":0,"comment_status":"closed","ping_status":"closed","sticky":false,"template":"","format":"standard","meta":{"footnotes":""},"categories":[1,50],"tags":[],"class_list":["post-118050","post","type-post","status-publish","format-standard","hentry","category-startseite","category-kirche"],"_links":{"self":[{"href":"https:\/\/www.fuldaernachrichten.de\/index.php?rest_route=\/wp\/v2\/posts\/118050","targetHints":{"allow":["GET"]}}],"collection":[{"href":"https:\/\/www.fuldaernachrichten.de\/index.php?rest_route=\/wp\/v2\/posts"}],"about":[{"href":"https:\/\/www.fuldaernachrichten.de\/index.php?rest_route=\/wp\/v2\/types\/post"}],"author":[{"embeddable":true,"href":"https:\/\/www.fuldaernachrichten.de\/index.php?rest_route=\/wp\/v2\/users\/1"}],"replies":[{"embeddable":true,"href":"https:\/\/www.fuldaernachrichten.de\/index.php?rest_route=%2Fwp%2Fv2%2Fcomments&post=118050"}],"version-history":[{"count":1,"href":"https:\/\/www.fuldaernachrichten.de\/index.php?rest_route=\/wp\/v2\/posts\/118050\/revisions"}],"predecessor-version":[{"id":118052,"href":"https:\/\/www.fuldaernachrichten.de\/index.php?rest_route=\/wp\/v2\/posts\/118050\/revisions\/118052"}],"wp:attachment":[{"href":"https:\/\/www.fuldaernachrichten.de\/index.php?rest_route=%2Fwp%2Fv2%2Fmedia&parent=118050"}],"wp:term":[{"taxonomy":"category","embeddable":true,"href":"https:\/\/www.fuldaernachrichten.de\/index.php?rest_route=%2Fwp%2Fv2%2Fcategories&post=118050"},{"taxonomy":"post_tag","embeddable":true,"href":"https:\/\/www.fuldaernachrichten.de\/index.php?rest_route=%2Fwp%2Fv2%2Ftags&post=118050"}],"curies":[{"name":"wp","href":"https:\/\/api.w.org\/{rel}","templated":true}]}}