{"id":118043,"date":"2013-12-18T07:04:46","date_gmt":"2013-12-18T07:04:46","guid":{"rendered":"http:\/\/www.fuldaer-nachrichten.de\/?p=118043"},"modified":"2013-12-19T10:02:06","modified_gmt":"2013-12-19T10:02:06","slug":"antonius-von-padua-schule-wird-inklusive-grundschule-familie-engelbert-strauss-finanziert-neubau","status":"publish","type":"post","link":"https:\/\/www.fuldaernachrichten.de\/?p=118043","title":{"rendered":"Antonius von Padua Schule wird inklusive Grundschule \u2013 Familie Engelbert Strauss finanziert Neubau"},"content":{"rendered":"<p><a href=\"http:\/\/www.fuldaer-nachrichten.de\/wp-content\/uploads\/2013\/12\/131218_AHeim.jpg\"><img decoding=\"async\" class=\"alignleft size-thumbnail wp-image-118044\" alt=\"131218_AHeim\" src=\"http:\/\/www.fuldaer-nachrichten.de\/wp-content\/uploads\/2013\/12\/131218_AHeim-265x176.jpg\" width=\"265\" height=\"176\" srcset=\"https:\/\/www.fuldaernachrichten.de\/wp-content\/uploads\/2013\/12\/131218_AHeim-265x176.jpg 265w, https:\/\/www.fuldaernachrichten.de\/wp-content\/uploads\/2013\/12\/131218_AHeim.jpg 567w\" sizes=\"(max-width: 265px) 100vw, 265px\" \/><\/a>Fulda. Die Antonius von Padua Schule in Fulda wird ab dem kommenden Schuljahr eine inklusive Grundschule sein, in der dann Kinder mit und ohne Beeintr\u00e4chtigung miteinander lernen und sich gemeinsam entwickeln k\u00f6nnen. Dieser gro\u00dfe Entwicklungsschritt einer der \u00e4ltesten F\u00f6rderschulen Hessens (Gr\u00fcndung 1905) wird m\u00f6glich, weil die Unternehmerfamilie <a href=\"http:\/\/www.engelbert-strauss.de\/  \">Engelbert Strauss<\/a> aus Biebergem\u00fcnd im Rahmen ihres traditionellen sozialen Engagements zur Finanzierung dieser Bauma\u00dfnahme 3,6 Mio. Euro zur Verf\u00fcgung stellt.<!--more--><\/p>\n<p>\u201eWir wollen durch diesen auch f\u00fcr uns in seiner H\u00f6he au\u00dfergew\u00f6hnlichen Beitrag ein Projekt unterst\u00fctzen, welches das F\u00fcreinander der Menschen in den Mittelpunkt stellt und die wechselseitige R\u00fccksichtnahme sowie das Voneinander lernen als Bildungsziel hervorhebt\u201c, erkl\u00e4rten die Mitglieder der Familie Strauss.<\/p>\n<p>Das gesellschaftliche Anliegen der Unternehmerfamilie Strauss, bestehend aus Gerlinde und Norbert Strauss sowie ihren S\u00f6hnen Steffen und Henning, steht dabei in Einklang mit ihren Unternehmensgrunds\u00e4tzen: Bildung, Werteorientierung und Verantwortung gegen\u00fcber Mensch und Natur. In dieser Zielsetzung bestehe ein hohes Ma\u00df an Deckungsgleichheit mit der Grundhaltung des Schultr\u00e4gers, dem Antoniusheim, dessen Stiftungsauftrag aus dem Jahr 1902 auf tiefem Respekt vor Mensch und Natur basiere.<\/p>\n<p>Als Ausstatter f\u00fcr Berufskleidung und Arbeitsschutz setzt Engelbert Strauss zus\u00e4tzlich zu seinem bisherigen Engagement im Bildungsbereich, das weltweit bis in die Produktherstellerl\u00e4nder, wie z.B. nach Laos, reicht, damit ein deutliches Ausrufezeichen in seiner Heimatregion. \u201eWir verstehen uns aber bei dieser F\u00f6rderung nicht in erster Linie als Geldgeber, sondern als Impulsgeber. Uns liegt am Herzen, wegweisende Ideen und Konzepte zu unterst\u00fctzen und Nachahmer zu eigenem Engagement zu motivieren\u201c, so Eltern und S\u00f6hne der Familie Strauss.<\/p>\n<p>Wie das k\u00fcnftige Konzept der Antonius von Padua Schule aussieht, stellte ihr Schulleiter Hanno Henkel vor: \u201eBildung ist die Grundvoraussetzung f\u00fcr eigenverantwortliches Handeln und notwendig f\u00fcr die F\u00f6rderung sozialer, alltagsrelevanter Kompetenzen\u201c, sagte er. \u201eIn der neuen Antonius von Padua Schule sollen daher die Sch\u00fclerinnen und Sch\u00fcler mit und ohne Beeintr\u00e4chtigung nicht nur von der Lehrerin oder dem Lehrer lernen, sondern auch von ihren Mitsch\u00fclern. Durch individuelle Lernformen und die Heranf\u00fchrung der Sch\u00fclerinnen und Sch\u00fcler zu eigenverantwortlichem und selbst\u00e4ndigem Lernen sei es m\u00f6glich, die Kinder optimal zu f\u00f6rdern und f\u00fcr ihr sp\u00e4teres Leben sehr gut vorzubereiten\u201c, so Henkel.<\/p>\n<p>Die Antonius von Padua Schule ist hessenweit die zweite F\u00f6rderschule, die sich als inklusive Grundschule \u00f6ffnet. Das Kultusministerium unterst\u00fctzt diesen Schritt ausdr\u00fccklich. Dabei werden die positiven Erfahrungen aus der integrativen KITA fortgef\u00fchrt. Die Fachlichkeit der Lehrerinnen und Lehrer der Antonius von Padua Schule wird nun auch den Kindern ohne Handicap zur Verf\u00fcgung stehen.<\/p>\n<p>\u201eWir wollen aber keine Fl\u00e4chenversorgung, sondern lediglich auf der Basis unseres Stiftungsauftrages ein weiterf\u00fchrendes Modell schaffen\u201c erkl\u00e4rte Rainer Sippel f\u00fcr den Schultr\u00e4ger Antoniusheim. Er danke Oberb\u00fcrgermeister Gerhard M\u00f6ller und Landrat Bernd Woide als den Verantwortlichen der kommunalen Schultr\u00e4ger f\u00fcr ihre Kooperation, der Stadt besonders daf\u00fcr, dass sie die Liegenschaft der Schule auch in Zukunft im Rahmen eines Erbbaurechtsvertrages zur Verf\u00fcgung stelle.<\/p>\n<p>Die Familie Strauss wie die Schulverantwortlichen erkl\u00e4rten abschlie\u00dfend, dass \u00fcber dem gemeinsamen Vorhaben die Erkenntnis stehe, dass Charakter- und Herzensbildung aller Kinder ein sehr wichtiger Aspekt der schulischen Erziehung sein m\u00fcsse. (Foto: Arnulf M\u00fcller)<\/p>\n<p><b>Fakten und erg\u00e4nzende Informationen:<\/b><\/p>\n<p>-\u00c2\u00a0\u00c2\u00a0\u00c2\u00a0\u00c2\u00a0\u00c2\u00a0\u00c2\u00a0 Der Schulbetrieb soll zum kommenden Schuljahr 2014\/2015 starten<br \/>\n-\u00c2\u00a0\u00c2\u00a0\u00c2\u00a0\u00c2\u00a0\u00c2\u00a0\u00c2\u00a0 Jedes Jahr sollen 10 Kinder ohne Behinderung aufgenommen werden<br \/>\n-\u00c2\u00a0\u00c2\u00a0\u00c2\u00a0\u00c2\u00a0\u00c2\u00a0\u00c2\u00a0 Der Schulbau kostet 3,6 Millionen Euro \u2013 Engelbert Strauss finanziert die Ma\u00dfnahme<br \/>\n-\u00c2\u00a0\u00c2\u00a0\u00c2\u00a0\u00c2\u00a0\u00c2\u00a0\u00c2\u00a0 Der Neubau umfasst 1.880 Quadratmeter<br \/>\n-\u00c2\u00a0\u00c2\u00a0\u00c2\u00a0\u00c2\u00a0\u00c2\u00a0\u00c2\u00a0 Das Geb\u00e4ude wird errichtet auf einem Erbbaugrundst\u00fcck der Stadt Fulda<br \/>\n-\u00c2\u00a0\u00c2\u00a0\u00c2\u00a0\u00c2\u00a0\u00c2\u00a0\u00c2\u00a0 F\u00fcr die Aufnahme von Sch\u00fclern mit Behinderung gibt es eine Warteliste, f\u00fcr Kinder ohne Behinderung bisher nur eine Interessentenliste. Ansprechpartner: Antonius von Padua Schule<br \/>\n-\u00c2\u00a0\u00c2\u00a0\u00c2\u00a0\u00c2\u00a0\u00c2\u00a0\u00c2\u00a0 Der neue Weg der Antonius von Padua Schule soll auch bei einem Bildungsabend vorgestellt werden.<br \/>\n-\u00c2\u00a0\u00c2\u00a0\u00c2\u00a0\u00c2\u00a0\u00c2\u00a0\u00c2\u00a0 Zuk\u00fcnftig sollen auch M\u00f6glichkeiten des Austauschs mit weiteren Schulpartnern er\u00f6rtert werden.<\/p>\n<p>&nbsp;<\/p>\n<p>&nbsp;<\/p>\n","protected":false},"excerpt":{"rendered":"<div class=\"tmnf_excerpt\"><p>Fulda. Die Antonius von Padua Schule in Fulda wird ab dem kommenden Schuljahr eine inklusive Grundschule sein, in der dann Kinder mit und ohne Beeintr\u00e4chtigung miteinander lernen und sich gemeinsam entwickeln k\u00f6nnen. Dieser gro\u00dfe Entwicklungsschritt einer der \u00e4ltesten F\u00f6rderschulen Hessens (Gr\u00fcndung 1905) wird m\u00f6glich, weil die Unternehmerfamilie Engelbert Strauss aus Biebergem\u00fcnd im Rahmen ihres traditionellen &hellip;<\/p>\n<\/div>","protected":false},"author":1,"featured_media":0,"comment_status":"closed","ping_status":"closed","sticky":false,"template":"","format":"standard","meta":{"footnotes":""},"categories":[1,53],"tags":[],"class_list":["post-118043","post","type-post","status-publish","format-standard","hentry","category-startseite","category-bildung"],"_links":{"self":[{"href":"https:\/\/www.fuldaernachrichten.de\/index.php?rest_route=\/wp\/v2\/posts\/118043","targetHints":{"allow":["GET"]}}],"collection":[{"href":"https:\/\/www.fuldaernachrichten.de\/index.php?rest_route=\/wp\/v2\/posts"}],"about":[{"href":"https:\/\/www.fuldaernachrichten.de\/index.php?rest_route=\/wp\/v2\/types\/post"}],"author":[{"embeddable":true,"href":"https:\/\/www.fuldaernachrichten.de\/index.php?rest_route=\/wp\/v2\/users\/1"}],"replies":[{"embeddable":true,"href":"https:\/\/www.fuldaernachrichten.de\/index.php?rest_route=%2Fwp%2Fv2%2Fcomments&post=118043"}],"version-history":[{"count":2,"href":"https:\/\/www.fuldaernachrichten.de\/index.php?rest_route=\/wp\/v2\/posts\/118043\/revisions"}],"predecessor-version":[{"id":118063,"href":"https:\/\/www.fuldaernachrichten.de\/index.php?rest_route=\/wp\/v2\/posts\/118043\/revisions\/118063"}],"wp:attachment":[{"href":"https:\/\/www.fuldaernachrichten.de\/index.php?rest_route=%2Fwp%2Fv2%2Fmedia&parent=118043"}],"wp:term":[{"taxonomy":"category","embeddable":true,"href":"https:\/\/www.fuldaernachrichten.de\/index.php?rest_route=%2Fwp%2Fv2%2Fcategories&post=118043"},{"taxonomy":"post_tag","embeddable":true,"href":"https:\/\/www.fuldaernachrichten.de\/index.php?rest_route=%2Fwp%2Fv2%2Ftags&post=118043"}],"curies":[{"name":"wp","href":"https:\/\/api.w.org\/{rel}","templated":true}]}}