{"id":118039,"date":"2013-12-18T06:58:00","date_gmt":"2013-12-18T06:58:00","guid":{"rendered":"http:\/\/www.fuldaer-nachrichten.de\/?p=118039"},"modified":"2013-12-18T06:58:00","modified_gmt":"2013-12-18T06:58:00","slug":"mitgliederversammlung-der-dachmarke-rhoen-mit-rueck-und-ausblick","status":"publish","type":"post","link":"https:\/\/www.fuldaernachrichten.de\/?p=118039","title":{"rendered":"Mitgliederversammlung der Dachmarke Rh\u00f6n mit R\u00fcck- und Ausblick"},"content":{"rendered":"<div id=\"attachment_118040\" style=\"width: 275px\" class=\"wp-caption alignleft\"><a href=\"http:\/\/www.fuldaer-nachrichten.de\/wp-content\/uploads\/2013\/12\/kal_dachmarke_mitgliederversammlung.jpg\"><img decoding=\"async\" aria-describedby=\"caption-attachment-118040\" class=\"size-thumbnail wp-image-118040\" alt=\"Gemeinsam mit dem Vorsitzenden des L\u00e4nder \u00fcbergreifenden Vereins Dachmarke Rh\u00f6n e.V. und Landrat des Landkreises Schmalkalden-Meiningen Peter Heimrich (rechts), der Gesch\u00e4ftsf\u00fchrerin der Dachmarke Rh\u00f6n Barbara Landgraf (4.v.l.) und der stellvertretenden Gesch\u00e4ftsf\u00fchrerin der Dachmarke Rh\u00f6n Hannelore Rundell (2.v.r.) pr\u00e4sentierten die Vertreter der Partnerbetriebe ihre Auszeichnungen.                Foto: Carsten Kallenbach\" src=\"http:\/\/www.fuldaer-nachrichten.de\/wp-content\/uploads\/2013\/12\/kal_dachmarke_mitgliederversammlung-265x124.jpg\" width=\"265\" height=\"124\" srcset=\"https:\/\/www.fuldaernachrichten.de\/wp-content\/uploads\/2013\/12\/kal_dachmarke_mitgliederversammlung-265x124.jpg 265w, https:\/\/www.fuldaernachrichten.de\/wp-content\/uploads\/2013\/12\/kal_dachmarke_mitgliederversammlung.jpg 600w\" sizes=\"(max-width: 265px) 100vw, 265px\" \/><\/a><p id=\"caption-attachment-118040\" class=\"wp-caption-text\">Gemeinsam mit dem Vorsitzenden des L\u00e4nder \u00fcbergreifenden Vereins Dachmarke Rh\u00f6n e.V. und Landrat des Landkreises Schmalkalden-Meiningen Peter Heimrich (rechts), der Gesch\u00e4ftsf\u00fchrerin der Dachmarke Rh\u00f6n Barbara Landgraf (4.v.l.) und der stellvertretenden Gesch\u00e4ftsf\u00fchrerin der Dachmarke Rh\u00f6n Hannelore Rundell (2.v.r.) pr\u00e4sentierten die Vertreter der Partnerbetriebe ihre Auszeichnungen. Foto: Carsten Kallenbach<\/p><\/div>\n<p>Rh\u00f6n. Das Jahr 2013 wird als Meilenstein in die Geschichte der Dachmarke Rh\u00f6n eingehen. Im Herbst war es nach rund dreij\u00e4hriger Vorbereitungsphase auf der Mainfranken-Messe in W\u00fcrzburg gelungen, die neue Regionalmarke \u201eRh\u00f6nwiese\u201c erstmals der \u00d6ffentlichkeit zu pr\u00e4sentieren. 2014 soll nun intensiv daran gearbeitet werden, die neue Marke mit zun\u00e4chst bis zu 20 verschiedenen Produkten aus der Rh\u00f6n fest im Handel zu etablieren, hie\u00df es w\u00e4hrend der Mitgliederversammlung des L\u00e4nder \u00fcbergreifenden Vereins Dachmarke Rh\u00f6n e.V., die jetzt in Meiningen stattfand.<!--more--><\/p>\n<p>\u201eMit unserer neuen Regionalmarke ,Rh\u00f6nwiese\u00e2\u20ac\u02dc erkennt der Verbraucher nun endlich, dass alle Produkte, die darunter vermarktet werden, zu einer Familie geh\u00f6ren. Das einheitliche Erscheinungsbild und die handelstauglichen Etiketten sind f\u00fcr die Dachmarke Rh\u00f6n ein ganz wichtiger Schritt gewesen\u201c, sch\u00e4tzte die Gesch\u00e4ftsf\u00fchrerin der Dachmarke Rh\u00f6n, Barbara Landgraf, ein. Rund 15 bis 20 verschiedene Produkte \u2013 vom Honig \u00fcber Holundersaft, eingelegten Gr\u00fcnspargel bis hin zu Dinkelnudeln und Rh\u00f6ner Wurstspezialit\u00e4ten \u2013 sollen bis Ende 2014 unter der neuen Marke im Handel erh\u00e4ltlich sein. Mit \u201eRh\u00f6nwiese\u201c setzt die Dachmarke Rh\u00f6n auch auf einen erfolgreichen Verkauf von Rh\u00f6ner Qualit\u00e4tsprodukten in den n\u00e4chstgelegenen gr\u00f6\u00dferen St\u00e4dten wie Erfurt, W\u00fcrzburg oder Frankfurt am Main.<\/p>\n<div id=\"attachment_118041\" style=\"width: 275px\" class=\"wp-caption alignleft\"><a href=\"http:\/\/www.fuldaer-nachrichten.de\/wp-content\/uploads\/2013\/12\/dachmarke_mitgliederversammlung_rh\u00f6nwiese.jpg\"><img fetchpriority=\"high\" decoding=\"async\" aria-describedby=\"caption-attachment-118041\" class=\"size-thumbnail wp-image-118041\" alt=\"Silvia Arnold, Vorstandsmitglied des Vereins Dachmarke Rh\u00f6n e.V. (rechts), \u00fcberreicht die Urkunden f\u00fcr die Anerkennung im Bereich Obst &amp; Gem\u00fcse sowie als Regionalladen an Daniela Hoch von \u201eChristians Erdbeerhof\u201c in Eu\u00dfenhausen. Der eingelegte Gr\u00fcnspargel von \u201eChristians Erdbeerhof\u201c geh\u00f6rt zu den ersten Produkten, die \u00fcber die neue Regionalmarke der Dachmarke Rh\u00f6n \u201eRh\u00f6nwiese\u201c im Handel vermarktet werden.                                                                                    Foto: Dachmarke Rh\u00f6n \" src=\"http:\/\/www.fuldaer-nachrichten.de\/wp-content\/uploads\/2013\/12\/dachmarke_mitgliederversammlung_rh\u00f6nwiese-265x331.jpg\" width=\"265\" height=\"331\" \/><\/a><p id=\"caption-attachment-118041\" class=\"wp-caption-text\">Silvia Arnold, Vorstandsmitglied des Vereins Dachmarke Rh\u00f6n e.V. (rechts), \u00fcberreicht die Urkunden f\u00fcr die Anerkennung im Bereich Obst &amp; Gem\u00fcse sowie als Regionalladen an Daniela Hoch von \u201eChristians Erdbeerhof\u201c in Eu\u00dfenhausen. Der eingelegte Gr\u00fcnspargel von \u201eChristians Erdbeerhof\u201c geh\u00f6rt zu den ersten Produkten, die \u00fcber die neue Regionalmarke der Dachmarke Rh\u00f6n \u201eRh\u00f6nwiese\u201c im Handel vermarktet werden.<br \/>Foto: Dachmarke Rh\u00f6n<\/p><\/div>\n<p>F\u00fcr Partnerbetriebe der Dachmarke Rh\u00f6n, die ihre Produkte unter der neuen Regionalmarke vermarkten wollen, bietet die Dachmarke Rh\u00f6n weiterhin eine einzelbetriebliche Beratung an, denn die Erf\u00fcllung der Handelsanforderungen sind insbesondere f\u00fcr die kleineren Betriebe eine neue Herausforderung. Als neue Kreation k\u00f6nnte es unter \u201eRh\u00f6nwiese\u201c in Zukunft auch eine \u201eRh\u00f6ner Braumeisterselektion\u201c geben \u2013 eine Auswahl unterschiedlicher Rh\u00f6ner Bierspezialit\u00e4ten von verschiedenen Familienbrauereien, die Partnerbetrieb der Dachmarke Rh\u00f6n sind, hie\u00df es auf der Mitgliederversammlung. Erste Gespr\u00e4che mit interessierten Brauereien hat es bereits gegeben.<\/p>\n<p>Der L\u00e4nder \u00fcbergreifende Verein Dachmarke Rh\u00f6n e.V. z\u00e4hlt zurzeit 286 Mitglieder aus den Landkreisen Bad Kissingen, Fulda, Rh\u00f6n-Grabfeld, Schmalkalden-Meiningen und Wartburgkreis. Davon nutzen 195 Partnerbetriebe die Marken der Dachmarke Rh\u00f6n in 19 verschiedenen Produktgruppen. 28 von ihnen sind Bio-Betriebe. Den gr\u00f6\u00dften Zuwachs an Partnerbetrieben gab es 2013 bei den Winzern, was aus der engen Zusammenarbeit der Dachmarke Rh\u00f6n mit \u201eFrankens Saalest\u00fcck\u201c resultiert. Allerdings hat die Th\u00fcringer Rh\u00f6n noch immer erheblichen Nachholbedarf im Vergleich zu Hessen oder Bayern. Die meisten Partnerbetriebe gibt es im Landkreis Rh\u00f6n-Grabfeld, gefolgt von Fulda und Bad Kissingen. Schlusslicht bildet mit gerade einmal acht Markennutzern der Landkreis Schmalkalden-Meiningen.<\/p>\n<p>Neben der Markteinf\u00fchrung von \u201eRh\u00f6nwiese\u201c war das Jahr 2013 vor allem durch die Weiterentwicklung des Kriterien- und Kontrollkonzeptes sowie durch eine umfangreiche \u00d6ffentlichkeitsarbeit gepr\u00e4gt. So pr\u00e4sentierte sich die Dachmarke Rh\u00f6n unter anderem auf der weltgr\u00f6\u00dften Messe f\u00fcr Bio-Produkte, der Bio-Fach in N\u00fcrnberg, und der Mainfranken-Messe in W\u00fcrzburg. Hinzu kamen der Brot- und Biermarkt in Poppenhausen, die Bayerischen Ern\u00e4hrungstage in M\u00fcnchen, eine Weinexkursion f\u00fcr Gastronomen in \u201eFrankens Saalest\u00fcck\u201c und Ausstellungen in den Landtagen von Hessen in Wiesbaden sowie Th\u00fcringen in Erfurt.<\/p>\n<p>2014, sagte Barbara Landgraf, soll eine \u201eErzeugergemeinschaft Rh\u00f6nfleisch\u201c, zun\u00e4chst f\u00fcr den Bereich Rindfleisch, gegr\u00fcndet werden. Es gebe eine hohe Nachfrage nach Qualit\u00e4tsfleisch aus der Rh\u00f6n, beispielsweise von gehobenen Betriebsrestaurants und Metzgereien im Rhein-Main-Gebiet oder im Raum W\u00fcrzburg\/Schweinfurt. Ein Schwerpunkt neben der weiteren Markteinf\u00fchrung von \u201eRh\u00f6nwiese\u201c-Produkten werde auch die Gewinnung neuer Partnerbetriebe in der Th\u00fcringer Rh\u00f6n sein, k\u00fcndigte Landgraf an. Dazu soll die im Sommer dieses Jahres gemeinsam mit dem Rh\u00f6nforum e.V. gestartete \u201eRegionalkampagne Th\u00fcringer Rh\u00f6n\u201c fortgef\u00fchrt werden. Au\u00dferdem werde eine Neuauflage der \u201eRh\u00f6ner Genusstour\u201c vorbereitet, in der sich Partnerbetriebe mit ihren Produkten und Dienstleistungen pr\u00e4sentieren. Auch die Bem\u00fchungen, das \u201eRegionalregal Rh\u00f6n\u201c noch st\u00e4rker im regionalen Handel, in Gastst\u00e4tten, Pensionen oder Hotels zu etablieren, werden 2014 fortgesetzt. Zurzeit gibt es zehn verschiedene Standorte im Handel.<\/p>\n<p><b>\u00c2\u00a0<\/b><\/p>\n","protected":false},"excerpt":{"rendered":"<div class=\"tmnf_excerpt\"><p>Rh\u00f6n. Das Jahr 2013 wird als Meilenstein in die Geschichte der Dachmarke Rh\u00f6n eingehen. Im Herbst war es nach rund dreij\u00e4hriger Vorbereitungsphase auf der Mainfranken-Messe in W\u00fcrzburg gelungen, die neue Regionalmarke \u201eRh\u00f6nwiese\u201c erstmals der \u00d6ffentlichkeit zu pr\u00e4sentieren. 2014 soll nun intensiv daran gearbeitet werden, die neue Marke mit zun\u00e4chst bis zu 20 verschiedenen Produkten aus &hellip;<\/p>\n<\/div>","protected":false},"author":1,"featured_media":0,"comment_status":"closed","ping_status":"closed","sticky":false,"template":"","format":"standard","meta":{"footnotes":""},"categories":[1,37],"tags":[],"class_list":["post-118039","post","type-post","status-publish","format-standard","hentry","category-startseite","category-essen-und-trinken"],"_links":{"self":[{"href":"https:\/\/www.fuldaernachrichten.de\/index.php?rest_route=\/wp\/v2\/posts\/118039","targetHints":{"allow":["GET"]}}],"collection":[{"href":"https:\/\/www.fuldaernachrichten.de\/index.php?rest_route=\/wp\/v2\/posts"}],"about":[{"href":"https:\/\/www.fuldaernachrichten.de\/index.php?rest_route=\/wp\/v2\/types\/post"}],"author":[{"embeddable":true,"href":"https:\/\/www.fuldaernachrichten.de\/index.php?rest_route=\/wp\/v2\/users\/1"}],"replies":[{"embeddable":true,"href":"https:\/\/www.fuldaernachrichten.de\/index.php?rest_route=%2Fwp%2Fv2%2Fcomments&post=118039"}],"version-history":[{"count":1,"href":"https:\/\/www.fuldaernachrichten.de\/index.php?rest_route=\/wp\/v2\/posts\/118039\/revisions"}],"predecessor-version":[{"id":118042,"href":"https:\/\/www.fuldaernachrichten.de\/index.php?rest_route=\/wp\/v2\/posts\/118039\/revisions\/118042"}],"wp:attachment":[{"href":"https:\/\/www.fuldaernachrichten.de\/index.php?rest_route=%2Fwp%2Fv2%2Fmedia&parent=118039"}],"wp:term":[{"taxonomy":"category","embeddable":true,"href":"https:\/\/www.fuldaernachrichten.de\/index.php?rest_route=%2Fwp%2Fv2%2Fcategories&post=118039"},{"taxonomy":"post_tag","embeddable":true,"href":"https:\/\/www.fuldaernachrichten.de\/index.php?rest_route=%2Fwp%2Fv2%2Ftags&post=118039"}],"curies":[{"name":"wp","href":"https:\/\/api.w.org\/{rel}","templated":true}]}}