{"id":118028,"date":"2013-12-18T06:48:45","date_gmt":"2013-12-18T06:48:45","guid":{"rendered":"http:\/\/www.fuldaer-nachrichten.de\/?p=118028"},"modified":"2013-12-18T06:48:45","modified_gmt":"2013-12-18T06:48:45","slug":"jan-boehmermann-verabschiedet-sich-mit-lateline-tourfinale","status":"publish","type":"post","link":"https:\/\/www.fuldaernachrichten.de\/?p=118028","title":{"rendered":"Jan B\u00f6hmermann verabschiedet sich mit LateLine-Tourfinale"},"content":{"rendered":"<div id=\"attachment_118029\" style=\"width: 275px\" class=\"wp-caption alignleft\"><a href=\"http:\/\/www.fuldaer-nachrichten.de\/wp-content\/uploads\/2013\/12\/131218_Bo\u00cc\u02c6hmermann.jpg\"><img fetchpriority=\"high\" decoding=\"async\" aria-describedby=\"caption-attachment-118029\" class=\"size-thumbnail wp-image-118029\" alt=\"Jan B\u00f6hmermann l\u00e4dt zum LateLine-TV-Tourfinale nach Hamburg ein. \/ Foto: hr\/Jens Naumann \" src=\"http:\/\/www.fuldaer-nachrichten.de\/wp-content\/uploads\/2013\/12\/131218_Bo\u00cc\u02c6hmermann-265x191.jpg\" width=\"265\" height=\"191\" \/><\/a><p id=\"caption-attachment-118029\" class=\"wp-caption-text\">Jan B\u00f6hmermann l\u00e4dt zum LateLine-TV-Tourfinale nach Hamburg ein. \/ Foto: hr\/Jens Naumann<\/p><\/div>\n<p>Hamburg. Das Finale der LateLine-TV-Tour kommt am Donnerstag, 19. Dezember, aus Hamburg. Jan B\u00f6hmermann moderiert letztmalig von 23.04 Uhr bis 1 Uhr die LateLine, sowohl im Radio als auch auf EinsPlus. Zu Gast sind DJ und Moderatorin Palina Rojinski, Bloggerin Eva Schulz und Musikerin Anna F. W\u00e4hrend der Sendung k\u00f6nnen Zuschauer, H\u00f6rer und User mitdiskutieren: per Telefon (0800 80 55 555), auf LateLine.de, bei Facebook und Twitter oder in der ARD-Mediathek via \u201eSocial TV\u201c. B\u00f6hmermanns letzte LateLine kann im Radio geh\u00f6rt werden, bei BREMEN VIER, DASDING, N-JOY und YOU FM, sowie im ARD-Digitalkanal EinsPlus angesehen werden. Weitere Infos auf www.LateLine.de.<!--more--><\/p>\n<p>\u201eDas waren vier wundervolle Jahre mit meiner geliebten Lateline und eine tolle, vertrauensvolle Zusammenarbeit mit der ARD. Aber: Selbst die beste Party sollte man immer n\u00fcchtern, aufrecht und vor allem rechtzeitig verlassen, dann bleibt sie allen in bester Erinnerung. Ich freue mich auf die neuen Ideen, Sendungen und Herausforderungen, die mich in Zukunft mit der ARD verbinden werden &#8211; besonders mit den jungen ARD-H\u00f6rfunkprogrammen und EinsPlus\u201c, so Jan B\u00f6hmermann.<\/p>\n<p>Der 32-J\u00e4hrige moderierte die Kult-Talksendung LateLine knapp vier Jahre: Von M\u00e4rz 2010 an diskutierte er nachts mit H\u00f6rern in den jungen ARD-Radioprogrammen. Radio Bremen erweiterte das Konzept der LateLine und brachte die Sendung im Herbst 2012 mit B\u00f6hmermann erstmalig auch ins Fernsehen, zu sehen bei EinsPlus. Es folgten zwei Staffeln der crossmedialen Show. Stationen der aktuellen LateLine-TV-Tour waren bislang Bremen, Baden-Baden, Frankfurt\/Main und Leipzig.<\/p>\n<p>Die LateLine ist das gemeinsame Talkformat der jungen ARD-Radiosender BREMEN VIER (RB), DASDING (SWR), Fritz vom rbb, MDR SPUTNIK, N-JOY (NDR), 103.7 UnserDing (SR) und YOU FM (hr) und l\u00e4uft montags bis donnerstags, 23.04 Uhr bis 1 Uhr. Neben Jan B\u00f6hmermann moderieren derzeit Caro Korneli, Ingmar Stadelmann und Johannes Sassenroth die Sendung.<\/p>\n","protected":false},"excerpt":{"rendered":"<div class=\"tmnf_excerpt\"><p>Hamburg. Das Finale der LateLine-TV-Tour kommt am Donnerstag, 19. Dezember, aus Hamburg. Jan B\u00f6hmermann moderiert letztmalig von 23.04 Uhr bis 1 Uhr die LateLine, sowohl im Radio als auch auf EinsPlus. Zu Gast sind DJ und Moderatorin Palina Rojinski, Bloggerin Eva Schulz und Musikerin Anna F. W\u00e4hrend der Sendung k\u00f6nnen Zuschauer, H\u00f6rer und User mitdiskutieren: &hellip;<\/p>\n<\/div>","protected":false},"author":1,"featured_media":0,"comment_status":"closed","ping_status":"closed","sticky":false,"template":"","format":"standard","meta":{"footnotes":""},"categories":[1,44],"tags":[],"class_list":["post-118028","post","type-post","status-publish","format-standard","hentry","category-startseite","category-kultur"],"_links":{"self":[{"href":"https:\/\/www.fuldaernachrichten.de\/index.php?rest_route=\/wp\/v2\/posts\/118028","targetHints":{"allow":["GET"]}}],"collection":[{"href":"https:\/\/www.fuldaernachrichten.de\/index.php?rest_route=\/wp\/v2\/posts"}],"about":[{"href":"https:\/\/www.fuldaernachrichten.de\/index.php?rest_route=\/wp\/v2\/types\/post"}],"author":[{"embeddable":true,"href":"https:\/\/www.fuldaernachrichten.de\/index.php?rest_route=\/wp\/v2\/users\/1"}],"replies":[{"embeddable":true,"href":"https:\/\/www.fuldaernachrichten.de\/index.php?rest_route=%2Fwp%2Fv2%2Fcomments&post=118028"}],"version-history":[{"count":1,"href":"https:\/\/www.fuldaernachrichten.de\/index.php?rest_route=\/wp\/v2\/posts\/118028\/revisions"}],"predecessor-version":[{"id":118030,"href":"https:\/\/www.fuldaernachrichten.de\/index.php?rest_route=\/wp\/v2\/posts\/118028\/revisions\/118030"}],"wp:attachment":[{"href":"https:\/\/www.fuldaernachrichten.de\/index.php?rest_route=%2Fwp%2Fv2%2Fmedia&parent=118028"}],"wp:term":[{"taxonomy":"category","embeddable":true,"href":"https:\/\/www.fuldaernachrichten.de\/index.php?rest_route=%2Fwp%2Fv2%2Fcategories&post=118028"},{"taxonomy":"post_tag","embeddable":true,"href":"https:\/\/www.fuldaernachrichten.de\/index.php?rest_route=%2Fwp%2Fv2%2Ftags&post=118028"}],"curies":[{"name":"wp","href":"https:\/\/api.w.org\/{rel}","templated":true}]}}