{"id":118018,"date":"2013-12-17T09:40:25","date_gmt":"2013-12-17T09:40:25","guid":{"rendered":"http:\/\/www.fuldaer-nachrichten.de\/?p=118018"},"modified":"2013-12-17T09:40:25","modified_gmt":"2013-12-17T09:40:25","slug":"landrat-spricht-sich-fuer-fortsetzung-der-kooperativen-zusammenarbeit-mit-naturschutzbeirat-aus","status":"publish","type":"post","link":"https:\/\/www.fuldaernachrichten.de\/?p=118018","title":{"rendered":"Landrat spricht sich f\u00fcr Fortsetzung der kooperativen Zusammenarbeit mit Naturschutzbeirat aus"},"content":{"rendered":"<div id=\"attachment_118019\" style=\"width: 275px\" class=\"wp-caption alignleft\"><a href=\"http:\/\/www.fuldaer-nachrichten.de\/wp-content\/uploads\/2013\/12\/556-Neuer-Naturschutzbeirat.jpg\"><img decoding=\"async\" aria-describedby=\"caption-attachment-118019\" class=\"size-thumbnail wp-image-118019\" alt=\"Der neu gew\u00e4hlten Naturschutzbeirat des Landkreises Fulda mit dem Vorsitzendem Matthias M\u00fcller (vorne, 2.v.r.) und seinem Stellvertretender Karl Graeser (vorne, 1.v.r.)   Foto: Gilbert  \" src=\"http:\/\/www.fuldaer-nachrichten.de\/wp-content\/uploads\/2013\/12\/556-Neuer-Naturschutzbeirat-265x176.jpg\" width=\"265\" height=\"176\" srcset=\"https:\/\/www.fuldaernachrichten.de\/wp-content\/uploads\/2013\/12\/556-Neuer-Naturschutzbeirat-265x176.jpg 265w, https:\/\/www.fuldaernachrichten.de\/wp-content\/uploads\/2013\/12\/556-Neuer-Naturschutzbeirat.jpg 600w\" sizes=\"(max-width: 265px) 100vw, 265px\" \/><\/a><p id=\"caption-attachment-118019\" class=\"wp-caption-text\">Der neu gew\u00e4hlten Naturschutzbeirat des Landkreises Fulda mit dem Vorsitzendem Matthias M\u00fcller (vorne, 2.v.r.) und seinem Stellvertretender Karl Graeser (vorne, 1.v.r.)<br \/>Foto: Gilbert<\/p><\/div>\n<p>Fulda. Von der neu beginnenden Amtsperiode des Naturschutzbeirats f\u00fcr den Landkreis Fulda erhofft sich Landrat Bernd Woide eine Fortsetzung der kooperativen Zusammenarbeit. Auf der konstituierenden Sitzung w\u00fcrdigte er die ehrenamtliche T\u00e4tigkeit der Beiratsmitglieder und dankte f\u00fcr die geleistete Arbeit.<!--more--><\/p>\n<p>Auch wenn der Beirat aufgrund gesetzlicher Regelungen nur eine beratende Funktion habe, seien die mit Fragen des Natur- und Landschaftsschutzes befassten Fachdienste der Kreisverwaltung auf den Sachverstand und das Engagement der einzelnen Mitglieder angewiesen, unterstrich Landrat Woide. Er stellte dem Naturschutzbeirat in Aussicht, k\u00fcnftig an zwei Sitzungen pro Jahr zum Gespr\u00e4ch und Austausch zur Verf\u00fcgung zu stehen.<\/p>\n<p>Nach seinen einleitenden Worten ging Landrat Woide auf das aktuelle Thema Windkraft ein. Hier rechnet er mit der zweiten Offenlegung des Regionalplans Mitte n\u00e4chsten Jahres. Es bleibe also Zeit, die \u201e\u00dcberhitzungen\u201c aus der \u00f6ffentlichen Debatte zu nehmen. Letztlich sei aber nicht die Ausweisung von Vorrangfl\u00e4chen ma\u00dfgeblich f\u00fcr den Bau von Windkraftanlagen, sondern die weitere Entwicklung der \u00f6konomischen Rahmenbedingungen.<\/p>\n<p>Von Seiten der Beiratsmitglieder wurden Verst\u00f6\u00dfe gegen naturschutzrechtliche Bestimmungen, insbesondere beim Schutz von Hecken und B\u00e4ume, beklagt. Neben der widerrechtlichen Beseitigung komme es vermehrt auch zu Pflegema\u00dfnahmen au\u00dferhalb des zul\u00e4ssigen Zeitraums. Der Landrat sprach sich f\u00fcr eine verst\u00e4rkte Bewusstseinsbildung aus, um die \u00d6ffentlichkeit noch intensiver f\u00fcr die Belange des Naturschutzes zu sensibilisieren.<\/p>\n<p>Im weiteren Verlauf der Sitzung w\u00e4hlten die Beiratsmitglieder Matthias M\u00fcller (H\u00fcnfeld-Ro\u00dfbach) zum Vorsitzenden und Karl Graeser (K\u00fcnzell) zum stellvertretenden Vorsitzenden des Gremiums. Matthias M\u00fcller ist auch Beauftragter des Naturschutzbeirats f\u00fcr den Nordteil des Landkreises und Karl Graeser f\u00fcr den S\u00fcdteil. Sachkundige B\u00fcrger sind Stefan Zaenker (Fulda), Herbert Schmitt (Petersberg) und Carsten Wienr\u00f6der (Eichenzell).<\/p>\n<p>Als Mitglieder bzw. Stellvertreter geh\u00f6ren dem Beirat Winfried Sch\u00e4fer, Georg Hohmann (beide Petersberg), Hartmut Br\u00f6nnecke (Ebersburg), Ludwig Glotzbach (Eiterfeld), Uwe Barth (Tann), J\u00f6rg Burkard (Neuhof), Reinhard Kolb (Eichenzell), Hilmar Hartmann (Gersfeld-Hettenhausen), Dr. Hans Daub (Fulda), Thomas Ruppel (Petersberg), Dieter Dudyka (Hofbieber), Dr. Hubert Beier (N\u00fcsttal) und Norbert Gering (Gro\u00dfenl\u00fcder-M\u00fcs) an.<\/p>\n<p>Schwerpunktm\u00e4\u00dfig will sich der Naturschutzbeirat des Landkreises Fulda in seiner neuen Amtsperiode unter anderem mit der Umsetzung der Wasserrahmrichtlinie, einer Auflistung der Ausgleichsma\u00dfnahmen im Kreisgebiet, den Auswirkungen der Energiewende in der Region, den M\u00f6glichkeiten der Flurneuordnung, den im Rahmen der Umsetzung von Natura 2000 geplanten Ma\u00dfnahmen sowie dem Artenschutz besch\u00e4ftigen.<\/p>\n<p>&nbsp;<\/p>\n","protected":false},"excerpt":{"rendered":"<div class=\"tmnf_excerpt\"><p>Fulda. Von der neu beginnenden Amtsperiode des Naturschutzbeirats f\u00fcr den Landkreis Fulda erhofft sich Landrat Bernd Woide eine Fortsetzung der kooperativen Zusammenarbeit. Auf der konstituierenden Sitzung w\u00fcrdigte er die ehrenamtliche T\u00e4tigkeit der Beiratsmitglieder und dankte f\u00fcr die geleistete Arbeit.<\/p>\n<\/div>","protected":false},"author":1,"featured_media":0,"comment_status":"closed","ping_status":"closed","sticky":false,"template":"","format":"standard","meta":{"footnotes":""},"categories":[1,52],"tags":[],"class_list":["post-118018","post","type-post","status-publish","format-standard","hentry","category-startseite","category-umwelt"],"_links":{"self":[{"href":"https:\/\/www.fuldaernachrichten.de\/index.php?rest_route=\/wp\/v2\/posts\/118018","targetHints":{"allow":["GET"]}}],"collection":[{"href":"https:\/\/www.fuldaernachrichten.de\/index.php?rest_route=\/wp\/v2\/posts"}],"about":[{"href":"https:\/\/www.fuldaernachrichten.de\/index.php?rest_route=\/wp\/v2\/types\/post"}],"author":[{"embeddable":true,"href":"https:\/\/www.fuldaernachrichten.de\/index.php?rest_route=\/wp\/v2\/users\/1"}],"replies":[{"embeddable":true,"href":"https:\/\/www.fuldaernachrichten.de\/index.php?rest_route=%2Fwp%2Fv2%2Fcomments&post=118018"}],"version-history":[{"count":1,"href":"https:\/\/www.fuldaernachrichten.de\/index.php?rest_route=\/wp\/v2\/posts\/118018\/revisions"}],"predecessor-version":[{"id":118020,"href":"https:\/\/www.fuldaernachrichten.de\/index.php?rest_route=\/wp\/v2\/posts\/118018\/revisions\/118020"}],"wp:attachment":[{"href":"https:\/\/www.fuldaernachrichten.de\/index.php?rest_route=%2Fwp%2Fv2%2Fmedia&parent=118018"}],"wp:term":[{"taxonomy":"category","embeddable":true,"href":"https:\/\/www.fuldaernachrichten.de\/index.php?rest_route=%2Fwp%2Fv2%2Fcategories&post=118018"},{"taxonomy":"post_tag","embeddable":true,"href":"https:\/\/www.fuldaernachrichten.de\/index.php?rest_route=%2Fwp%2Fv2%2Ftags&post=118018"}],"curies":[{"name":"wp","href":"https:\/\/api.w.org\/{rel}","templated":true}]}}