{"id":118010,"date":"2013-12-17T00:09:20","date_gmt":"2013-12-17T00:09:20","guid":{"rendered":"http:\/\/www.fuldaer-nachrichten.de\/?p=118010"},"modified":"2013-12-17T09:35:25","modified_gmt":"2013-12-17T09:35:25","slug":"gefoerdertes-azubi-projekt-fuer-das-vaterhaus-e-v-in-fulda-abgeschlossen-neue-projekte-gesucht","status":"publish","type":"post","link":"https:\/\/www.fuldaernachrichten.de\/?p=118010","title":{"rendered":"Gef\u00f6rdertes Azubi-Projekt f\u00fcr das \u201eVaterhaus e.V.\u201c in Fulda abgeschlossen \u2013 neue Projekte gesucht"},"content":{"rendered":"<p><a href=\"http:\/\/www.fuldaer-nachrichten.de\/wp-content\/uploads\/2013\/12\/achjfgdc.png\"><img fetchpriority=\"high\" decoding=\"async\" class=\"alignnone size-full wp-image-118011\" alt=\"achjfgdc\" src=\"http:\/\/www.fuldaer-nachrichten.de\/wp-content\/uploads\/2013\/12\/achjfgdc.png\" width=\"560\" height=\"400\" \/><\/a><\/p>\n<p>Fulda. \u00dcber die gef\u00f6rderten Webseitenprojekte \u201eAzubi-Projekte\u201c des F\u00f6rdervereins f\u00fcr Regionale Entwicklung e.V. wurde die Internetseite f\u00fcr das \u201eVaterhaus e.V.\u201c neu erstellt und ist ab sofort unter http:\/\/www.vaterhaus.de\/ im Internet verf\u00fcgbar. Im Rahmen des mehrw\u00f6chigen Umsetzungszeitraumes wurde die Seite nach W\u00fcnschen und Vorgaben des Projektpartners geplant und dar\u00fcber hinaus auch nach den Richtlinien der Barrierefreiheit realisiert. Die neue Webseite kann nun auch eigenverantwortlich \u00fcber ein Redaktionssystem leicht und einfach aktualisiert werden. So ist die problemlose Pflege der Seite auch f\u00fcr die Zukunft sichergestellt, weil aufgrund des unkomplizierten Redaktionssystems keine speziellen Kenntnisse und F\u00e4higkeiten notwendig sind. Das F\u00f6rderprojekt wurde nahezu vollst\u00e4ndig mit Unterst\u00fctzung von Azubis im Rahmen ihrer Ausbildung kostenfrei umgesetzt. Die Auszubildenden erhalten dadurch die M\u00f6glichkeit, lebensnahe, reale Projekte in gemeinsamer, kreativer Teamarbeit im Rahmen ihrer Fachrichtung zu gestalten.<!--more--><\/p>\n<p>Die Erstellung der Webseite \u00fcber die Azubi-Projekte ist vollst\u00e4ndig gef\u00f6rdert und es fallen f\u00fcr Gestaltung und Programmierung keine Kosten f\u00fcr die gef\u00f6rderten Institutionen als Projektpartner an. Nach Fertigstellung der Webseite und dem Abschluss des Projektes m\u00fcssen lediglich die Kosten f\u00fcr Internetadresse\/Hosting der Webseite durch den Antragsteller selbst getragen werden.<br \/>\nZiel des F\u00f6rdervereins f\u00fcr regionale Entwicklung ist eine praxisnahe Ausbildung. &#8220;Die Erfahrungen im letzten Jahr waren f\u00fcr beide Seiten, also Azubis bzw. Studierende einerseits und Projektpartner andererseits, \u00fcberw\u00e4ltigend positiv&#8221;, so Projektkoordinatorin Lisa Behnke. Dies wolle man fortsetzen. Erfahrene Betreuer stellen eine hohe Qualit\u00e4t in allen F\u00e4llen sicher, in dem Sie den Studierenden und Azubis im Bedarfsfall zur Seite stehen. &#8220;Schlie\u00dflich haben unsere Projektpartner einen Anspruch auf erstklassige Qualit\u00e4t&#8221;, so Behnke. Der F\u00f6rderverein f\u00fcr regionale Entwicklung e.V. sichert bis 2022 eine weitere Betreuung zu.<\/p>\n<p>Zuguterletzt wird die neue Webseite CO2-neutral zur Verf\u00fcgung gestellt, das hei\u00dft es wird f\u00fcr den Betrieb der neuen Internetpr\u00e4senz kein klimasch\u00e4dliches Kohlendioxid in die Atmosph\u00e4re abgegeben. Alle Server in den genutzten Rechenzentren sichern h\u00f6chste Verf\u00fcgbarkeit (mindestens 99%) und werden zu 100 Prozent aus regenerativen Energiequellen (in diesem Fall Wasserkraft) gespeist.<br \/>\nF\u00fcr den weiteren Ausbildungsverlauf werden st\u00e4ndig interessante, neue Projekte gesucht. Dazu k\u00f6nnen sich f\u00fcr ein gef\u00f6rdertes Azubi-Projekte eine Vielzahl von Organisationen, wie zum Beispiel Unternehmen, Vereine, Initiativen oder kommunale Institutionen beteiligen und per Email oder Fax mit kurzen Angaben zur gew\u00fcnschten F\u00f6rderung &#8211; ob Neuerstellung oder \u00dcberarbeitung ihrer Webseite bewerben.<\/p>\n<p>Der F\u00f6rderverein f\u00fcr regionale Entwicklung hat in den letzten Jahren eine Vielzahl von unterschiedlichsten Webseitenprojekten im Rahmen der Azubi-Projekte gef\u00f6rdert. Urspr\u00fcnglich in den Bundesl\u00e4ndern Brandenburg, Mecklenburg-Vorpommern und Sachsen-Anhalt gestartet, werden aktuell Projekte aus dem gesamten Bundesgebiet in das Programm einbezogen. Eine Auswahl von ca. 200 abgeschlossenen Projekten findet sich auf der Webseite der Azubi-Projekte unter www.azubi-projekte.de<br \/>\nBewerbungen f\u00fcr die Azubi-Projekte k\u00f6nnen unter der Fax-Nummer 0331-550 474 01 oder per Email unter info@azubi-projekte.de eingereicht werden. F\u00fcr R\u00fcckfragen steht die Projektkoordinatorin unter 0331-550 474 71 zur Verf\u00fcgung.<\/p>\n","protected":false},"excerpt":{"rendered":"<div class=\"tmnf_excerpt\"><p>Fulda. \u00dcber die gef\u00f6rderten Webseitenprojekte \u201eAzubi-Projekte\u201c des F\u00f6rdervereins f\u00fcr Regionale Entwicklung e.V. wurde die Internetseite f\u00fcr das \u201eVaterhaus e.V.\u201c neu erstellt und ist ab sofort unter http:\/\/www.vaterhaus.de\/ im Internet verf\u00fcgbar. Im Rahmen des mehrw\u00f6chigen Umsetzungszeitraumes wurde die Seite nach W\u00fcnschen und Vorgaben des Projektpartners geplant und dar\u00fcber hinaus auch nach den Richtlinien der Barrierefreiheit realisiert. &hellip;<\/p>\n<\/div>","protected":false},"author":1,"featured_media":0,"comment_status":"closed","ping_status":"closed","sticky":false,"template":"","format":"standard","meta":{"footnotes":""},"categories":[1,72,78],"tags":[],"class_list":["post-118010","post","type-post","status-publish","format-standard","hentry","category-startseite","category-jugend","category-topthema"],"_links":{"self":[{"href":"https:\/\/www.fuldaernachrichten.de\/index.php?rest_route=\/wp\/v2\/posts\/118010","targetHints":{"allow":["GET"]}}],"collection":[{"href":"https:\/\/www.fuldaernachrichten.de\/index.php?rest_route=\/wp\/v2\/posts"}],"about":[{"href":"https:\/\/www.fuldaernachrichten.de\/index.php?rest_route=\/wp\/v2\/types\/post"}],"author":[{"embeddable":true,"href":"https:\/\/www.fuldaernachrichten.de\/index.php?rest_route=\/wp\/v2\/users\/1"}],"replies":[{"embeddable":true,"href":"https:\/\/www.fuldaernachrichten.de\/index.php?rest_route=%2Fwp%2Fv2%2Fcomments&post=118010"}],"version-history":[{"count":1,"href":"https:\/\/www.fuldaernachrichten.de\/index.php?rest_route=\/wp\/v2\/posts\/118010\/revisions"}],"predecessor-version":[{"id":118012,"href":"https:\/\/www.fuldaernachrichten.de\/index.php?rest_route=\/wp\/v2\/posts\/118010\/revisions\/118012"}],"wp:attachment":[{"href":"https:\/\/www.fuldaernachrichten.de\/index.php?rest_route=%2Fwp%2Fv2%2Fmedia&parent=118010"}],"wp:term":[{"taxonomy":"category","embeddable":true,"href":"https:\/\/www.fuldaernachrichten.de\/index.php?rest_route=%2Fwp%2Fv2%2Fcategories&post=118010"},{"taxonomy":"post_tag","embeddable":true,"href":"https:\/\/www.fuldaernachrichten.de\/index.php?rest_route=%2Fwp%2Fv2%2Ftags&post=118010"}],"curies":[{"name":"wp","href":"https:\/\/api.w.org\/{rel}","templated":true}]}}