{"id":118005,"date":"2013-12-17T09:31:21","date_gmt":"2013-12-17T09:31:21","guid":{"rendered":"http:\/\/www.fuldaer-nachrichten.de\/?p=118005"},"modified":"2013-12-17T09:31:21","modified_gmt":"2013-12-17T09:31:21","slug":"orgelmatinee-im-fuldaer-dom-mit-carlo-tunesi-am-21-dezember-12-05-uhr","status":"publish","type":"post","link":"https:\/\/www.fuldaernachrichten.de\/?p=118005","title":{"rendered":"Orgelmatinee im Fuldaer Dom mit Carlo Tunesi am 21. Dezember, 12.05 Uhr"},"content":{"rendered":"<p><a href=\"http:\/\/www.fuldaer-nachrichten.de\/wp-content\/uploads\/2013\/12\/Tunesi-Carlo.jpg\"><img fetchpriority=\"high\" decoding=\"async\" class=\"alignleft size-thumbnail wp-image-118006\" alt=\"Tunesi, Carlo\" src=\"http:\/\/www.fuldaer-nachrichten.de\/wp-content\/uploads\/2013\/12\/Tunesi-Carlo-265x198.jpg\" width=\"265\" height=\"198\" srcset=\"https:\/\/www.fuldaernachrichten.de\/wp-content\/uploads\/2013\/12\/Tunesi-Carlo-265x198.jpg 265w, https:\/\/www.fuldaernachrichten.de\/wp-content\/uploads\/2013\/12\/Tunesi-Carlo.jpg 600w\" sizes=\"(max-width: 265px) 100vw, 265px\" \/><\/a>Fulda. Die letzte Orgelmatinee in diesem Jahr am 21. Dezember, 12.05 Uhr bis 12.35 Uhr, wird von Carlo Tunesi aus Mailand gestaltet. Er wartet mit zwei Gro\u00dfwerken der Orgelliteratur auf: Bachs grandiosem \u201ePr\u00e4ludium und Fuge\u201c in Es-Dur, vielen in Zusammenhang mit der Orgelmesse bekannt, und der begeisternden Choralphantasie \u00fcber \u201eWachet auf, ruft uns die Stimme\u201c von Max Reger, ein zweiteiliges Werk, aus Phantasie und einer gro\u00dfen Fuge \u00fcber das Lied bestehend. Carlo Tunesi, der schon fast alle europ\u00e4ischen L\u00e4nder konzertierend bereist hat, setzt damit einen gl\u00e4nzenden Schlusspunkt f\u00fcr den Matineezyklus 2013.<\/p>\n<p>&nbsp;<\/p>\n","protected":false},"excerpt":{"rendered":"<div class=\"tmnf_excerpt\"><p>Fulda. Die letzte Orgelmatinee in diesem Jahr am 21. Dezember, 12.05 Uhr bis 12.35 Uhr, wird von Carlo Tunesi aus Mailand gestaltet. Er wartet mit zwei Gro\u00dfwerken der Orgelliteratur auf: Bachs grandiosem \u201ePr\u00e4ludium und Fuge\u201c in Es-Dur, vielen in Zusammenhang mit der Orgelmesse bekannt, und der begeisternden Choralphantasie \u00fcber \u201eWachet auf, ruft uns die Stimme\u201c &hellip;<\/p>\n<\/div>","protected":false},"author":1,"featured_media":0,"comment_status":"closed","ping_status":"closed","sticky":false,"template":"","format":"standard","meta":{"footnotes":""},"categories":[1,44],"tags":[],"class_list":["post-118005","post","type-post","status-publish","format-standard","hentry","category-startseite","category-kultur"],"_links":{"self":[{"href":"https:\/\/www.fuldaernachrichten.de\/index.php?rest_route=\/wp\/v2\/posts\/118005","targetHints":{"allow":["GET"]}}],"collection":[{"href":"https:\/\/www.fuldaernachrichten.de\/index.php?rest_route=\/wp\/v2\/posts"}],"about":[{"href":"https:\/\/www.fuldaernachrichten.de\/index.php?rest_route=\/wp\/v2\/types\/post"}],"author":[{"embeddable":true,"href":"https:\/\/www.fuldaernachrichten.de\/index.php?rest_route=\/wp\/v2\/users\/1"}],"replies":[{"embeddable":true,"href":"https:\/\/www.fuldaernachrichten.de\/index.php?rest_route=%2Fwp%2Fv2%2Fcomments&post=118005"}],"version-history":[{"count":1,"href":"https:\/\/www.fuldaernachrichten.de\/index.php?rest_route=\/wp\/v2\/posts\/118005\/revisions"}],"predecessor-version":[{"id":118007,"href":"https:\/\/www.fuldaernachrichten.de\/index.php?rest_route=\/wp\/v2\/posts\/118005\/revisions\/118007"}],"wp:attachment":[{"href":"https:\/\/www.fuldaernachrichten.de\/index.php?rest_route=%2Fwp%2Fv2%2Fmedia&parent=118005"}],"wp:term":[{"taxonomy":"category","embeddable":true,"href":"https:\/\/www.fuldaernachrichten.de\/index.php?rest_route=%2Fwp%2Fv2%2Fcategories&post=118005"},{"taxonomy":"post_tag","embeddable":true,"href":"https:\/\/www.fuldaernachrichten.de\/index.php?rest_route=%2Fwp%2Fv2%2Ftags&post=118005"}],"curies":[{"name":"wp","href":"https:\/\/api.w.org\/{rel}","templated":true}]}}