{"id":117988,"date":"2013-12-17T09:21:03","date_gmt":"2013-12-17T09:21:03","guid":{"rendered":"http:\/\/www.fuldaer-nachrichten.de\/?p=117988"},"modified":"2013-12-17T09:21:03","modified_gmt":"2013-12-17T09:21:03","slug":"jollydent-unterstuetzt-ferienfreizeit-der-kindertagesstaette-des-antoniusheims","status":"publish","type":"post","link":"https:\/\/www.fuldaernachrichten.de\/?p=117988","title":{"rendered":"Jollydent unterst\u00fctzt Ferienfreizeit der Kindertagesst\u00e4tte des Antoniusheims"},"content":{"rendered":"<p><a href=\"http:\/\/www.fuldaer-nachrichten.de\/wp-content\/uploads\/2013\/12\/IMG_2755.jpg\"><img fetchpriority=\"high\" decoding=\"async\" class=\"alignleft size-thumbnail wp-image-117989\" alt=\"IMG_2755\" src=\"http:\/\/www.fuldaer-nachrichten.de\/wp-content\/uploads\/2013\/12\/IMG_2755-265x199.jpg\" width=\"265\" height=\"199\" srcset=\"https:\/\/www.fuldaernachrichten.de\/wp-content\/uploads\/2013\/12\/IMG_2755-265x199.jpg 265w, https:\/\/www.fuldaernachrichten.de\/wp-content\/uploads\/2013\/12\/IMG_2755.jpg 600w\" sizes=\"(max-width: 265px) 100vw, 265px\" \/><\/a>Fulda. Mit einer Spende in H\u00f6he von 2750 Euro hat der F\u00f6rderverein Jollydent aus Burghaun die Kindertagesst\u00e4tte des Antoniusheims unterst\u00fctzt. Im Rahmen des Adventsmarktes im Antoniusheim \u00fcberreichten daher die Kinder der KiTa als Dank eine handgefertigte Foto-Collage an den Vorsitzenden des Vereins, Dr. Wolfram Geiger. Sabrina Rehm, Leiterin der KiTa, dankte Geiger f\u00fcr die mittlerweile seit \u00fcber zehn Jahren bestehende regelm\u00e4\u00dfige Unterst\u00fctzung des Vereins. \u201eDank Ihrer Spende konnten wir den Kindern auch in diesem Jahr wieder eine Ferienfreizeit anbieten. Die einzelenen Gruppen reisten unter anderem an den Michaelshof in Unterbernhards, an den\u00c2\u00a0 Storchshof in Poppenhausen und \u00c2\u00a0Ludwig-Wolker-Haus Kleinsassen\u201c, sagte Rehm.<\/p>\n<p>&nbsp;<\/p>\n","protected":false},"excerpt":{"rendered":"<div class=\"tmnf_excerpt\"><p>Fulda. Mit einer Spende in H\u00f6he von 2750 Euro hat der F\u00f6rderverein Jollydent aus Burghaun die Kindertagesst\u00e4tte des Antoniusheims unterst\u00fctzt. Im Rahmen des Adventsmarktes im Antoniusheim \u00fcberreichten daher die Kinder der KiTa als Dank eine handgefertigte Foto-Collage an den Vorsitzenden des Vereins, Dr. Wolfram Geiger. Sabrina Rehm, Leiterin der KiTa, dankte Geiger f\u00fcr die mittlerweile &hellip;<\/p>\n<\/div>","protected":false},"author":1,"featured_media":0,"comment_status":"closed","ping_status":"closed","sticky":false,"template":"","format":"standard","meta":{"footnotes":""},"categories":[1,72],"tags":[],"class_list":["post-117988","post","type-post","status-publish","format-standard","hentry","category-startseite","category-jugend"],"_links":{"self":[{"href":"https:\/\/www.fuldaernachrichten.de\/index.php?rest_route=\/wp\/v2\/posts\/117988","targetHints":{"allow":["GET"]}}],"collection":[{"href":"https:\/\/www.fuldaernachrichten.de\/index.php?rest_route=\/wp\/v2\/posts"}],"about":[{"href":"https:\/\/www.fuldaernachrichten.de\/index.php?rest_route=\/wp\/v2\/types\/post"}],"author":[{"embeddable":true,"href":"https:\/\/www.fuldaernachrichten.de\/index.php?rest_route=\/wp\/v2\/users\/1"}],"replies":[{"embeddable":true,"href":"https:\/\/www.fuldaernachrichten.de\/index.php?rest_route=%2Fwp%2Fv2%2Fcomments&post=117988"}],"version-history":[{"count":1,"href":"https:\/\/www.fuldaernachrichten.de\/index.php?rest_route=\/wp\/v2\/posts\/117988\/revisions"}],"predecessor-version":[{"id":117990,"href":"https:\/\/www.fuldaernachrichten.de\/index.php?rest_route=\/wp\/v2\/posts\/117988\/revisions\/117990"}],"wp:attachment":[{"href":"https:\/\/www.fuldaernachrichten.de\/index.php?rest_route=%2Fwp%2Fv2%2Fmedia&parent=117988"}],"wp:term":[{"taxonomy":"category","embeddable":true,"href":"https:\/\/www.fuldaernachrichten.de\/index.php?rest_route=%2Fwp%2Fv2%2Fcategories&post=117988"},{"taxonomy":"post_tag","embeddable":true,"href":"https:\/\/www.fuldaernachrichten.de\/index.php?rest_route=%2Fwp%2Fv2%2Ftags&post=117988"}],"curies":[{"name":"wp","href":"https:\/\/api.w.org\/{rel}","templated":true}]}}