{"id":117980,"date":"2013-12-17T09:12:28","date_gmt":"2013-12-17T09:12:28","guid":{"rendered":"http:\/\/www.fuldaer-nachrichten.de\/?p=117980"},"modified":"2013-12-17T09:12:28","modified_gmt":"2013-12-17T09:12:28","slug":"grusskarten-fuer-trauernde-zu-weihnachten","status":"publish","type":"post","link":"https:\/\/www.fuldaernachrichten.de\/?p=117980","title":{"rendered":"Gru\u00dfkarten f\u00fcr Trauernde zu Weihnachten"},"content":{"rendered":"<p>Hanau. Weihnachten werden eine Vielzahl an Karten verschickt. Aktuell werden im Rahmen der \u201eGru\u00dfkartenaktion f\u00fcr Trauernde\u201c f\u00fcr ann\u00e4hernd 100 Personen Weihnachtskarten von der Trauerarbeit im Bistum Fulda verschickt, bei denen der oder die\u00c2\u00a0 Verstorbene im Betrachtungstext und im Gru\u00dfschreiben eine besondere Erw\u00e4hnung findet. \u201eWir wollen mit dieser Aktion zeigen, dass wir die verstorbenen\u00c2\u00a0 Menschen nicht vergessen haben und uns solidarisch zeigen mit dem\u00c2\u00a0 Schmerz, der besonders am Fest der Familie\u00c2\u00a0 durch den Verlust sp\u00fcrbar ist\u201c, sagt Werner Gutheil, Di\u00f6zesanseelsorger f\u00fcr Trauernde im Bistum Fulda. Das Motiv dieser Karte\u00c2\u00a0 stammt von einer Betroffenen selbst, die im vergangenen Jahr letztmalig im Haus, das sie mit ihrem Mann gebaut und nach dessen Tod verlassen musste, einen \u201eletzten Weihnachtsbaum\u201c geschm\u00fcckt hat. Dieser Baum ist damit etwas ganz besonderes. Sie hat das Foto zur Verf\u00fcgung gestellt.<!--more--><\/p>\n<p>Es ist aber nicht eine Einzelaktion. Sie soll Nachahmer finden. Deshalb sind die Karten\u00c2\u00a0 im Internet unter www.trauern-warum-allein.de eingestellt\u00c2\u00a0 und k\u00f6nnen heruntergeladen und mit dem eigenen Farbdrucker ausgedruckt werden. Damit kann diese Aktion gerne nachgeahmt werden. Zudem ist sie eine Teil einer regelm\u00e4\u00dfigen Gru\u00dfkartenaktion, bei dem am eigenen Geburtstag, aber auch am Geburts- und Todestag des\/der Verstorbenen eine besondere Karte geschickt wird. Die Idee stammt von den Trauernden Eltern und Kinder e.V. MKK\/Hessen und wurde vom Vorsitzenden Dieter Kuske vorgeschlagen und eingebracht.<\/p>\n<p>Kurzfristig k\u00f6nnen auch noch per E-Mail eine Variation dieser Karte in A 4\u00c2\u00a0 mit Bild, Betrachtung und Gru\u00dftext der Trauerarbeit (als Vorlage f\u00fcr einen eigenen Text) angefordert werden bei Werner.Gutheil@trauern-warum-allein.de oder\u00c2\u00a0 ebenso auf der Homepage heruntergeladen werden. Die Aktion ist zudem auf Facebook eingestellt unter: \u201eAktionen f\u00fcr Trauernde\u201c (https:\/\/www.facebook.com\/pages\/Aktionen-f%C3%BCr-Trauernde\/665753540101321?fref=ts).<\/p>\n","protected":false},"excerpt":{"rendered":"<div class=\"tmnf_excerpt\"><p>Hanau. Weihnachten werden eine Vielzahl an Karten verschickt. Aktuell werden im Rahmen der \u201eGru\u00dfkartenaktion f\u00fcr Trauernde\u201c f\u00fcr ann\u00e4hernd 100 Personen Weihnachtskarten von der Trauerarbeit im Bistum Fulda verschickt, bei denen der oder die\u00c2\u00a0 Verstorbene im Betrachtungstext und im Gru\u00dfschreiben eine besondere Erw\u00e4hnung findet. \u201eWir wollen mit dieser Aktion zeigen, dass wir die verstorbenen\u00c2\u00a0 Menschen nicht &hellip;<\/p>\n<\/div>","protected":false},"author":1,"featured_media":0,"comment_status":"closed","ping_status":"closed","sticky":false,"template":"","format":"standard","meta":{"footnotes":""},"categories":[1],"tags":[],"class_list":["post-117980","post","type-post","status-publish","format-standard","hentry","category-startseite"],"_links":{"self":[{"href":"https:\/\/www.fuldaernachrichten.de\/index.php?rest_route=\/wp\/v2\/posts\/117980","targetHints":{"allow":["GET"]}}],"collection":[{"href":"https:\/\/www.fuldaernachrichten.de\/index.php?rest_route=\/wp\/v2\/posts"}],"about":[{"href":"https:\/\/www.fuldaernachrichten.de\/index.php?rest_route=\/wp\/v2\/types\/post"}],"author":[{"embeddable":true,"href":"https:\/\/www.fuldaernachrichten.de\/index.php?rest_route=\/wp\/v2\/users\/1"}],"replies":[{"embeddable":true,"href":"https:\/\/www.fuldaernachrichten.de\/index.php?rest_route=%2Fwp%2Fv2%2Fcomments&post=117980"}],"version-history":[{"count":1,"href":"https:\/\/www.fuldaernachrichten.de\/index.php?rest_route=\/wp\/v2\/posts\/117980\/revisions"}],"predecessor-version":[{"id":117981,"href":"https:\/\/www.fuldaernachrichten.de\/index.php?rest_route=\/wp\/v2\/posts\/117980\/revisions\/117981"}],"wp:attachment":[{"href":"https:\/\/www.fuldaernachrichten.de\/index.php?rest_route=%2Fwp%2Fv2%2Fmedia&parent=117980"}],"wp:term":[{"taxonomy":"category","embeddable":true,"href":"https:\/\/www.fuldaernachrichten.de\/index.php?rest_route=%2Fwp%2Fv2%2Fcategories&post=117980"},{"taxonomy":"post_tag","embeddable":true,"href":"https:\/\/www.fuldaernachrichten.de\/index.php?rest_route=%2Fwp%2Fv2%2Ftags&post=117980"}],"curies":[{"name":"wp","href":"https:\/\/api.w.org\/{rel}","templated":true}]}}