{"id":117978,"date":"2013-12-17T09:10:53","date_gmt":"2013-12-17T09:10:53","guid":{"rendered":"http:\/\/www.fuldaer-nachrichten.de\/?p=117978"},"modified":"2013-12-17T09:11:01","modified_gmt":"2013-12-17T09:11:01","slug":"pc-arbeitsplatz-fuer-sehbehinderte","status":"publish","type":"post","link":"https:\/\/www.fuldaernachrichten.de\/?p=117978","title":{"rendered":"PC-Arbeitsplatz f\u00fcr Sehbehinderte"},"content":{"rendered":"<p>Fulda. Die Hochschul- und Landesbibliothek stellt sehbehinderten Benutzerinnen und Benutzern in ihren neuen R\u00e4umlichkeiten auf dem Campus ab sofort einen speziell ausgestatteten PC-Arbeitsplatz zur Verf\u00fcgung. Damit ist es m\u00f6glich, Texte mit nat\u00fcrlicher Sprachausgabe akustisch wiederzugegeben, Texte zu vergr\u00f6\u00dfern und im Internet zu recherchieren. Ebenso ist es m\u00f6glich, Audioaufnahmen von Texten aus Dokumenten, Webseiten oder E-Mails zu erstellen, um diese auf ein mobiles Ger\u00e4t zu \u00fcbertragen und zu einem sp\u00e4teren Zeitpunkt anzuh\u00f6ren. Der Arbeitsplatz wurde in Kooperation mit der \u201eZentralen Stelle f\u00fcr Studierende und Studieninteressierte mit einer Behinderung und\/oder chronischen Erkrankung\u201c an der Hochschule Fulda eingerichtet. Wer den Arbeitsplatz nutzen m\u00f6chte, meldet sich bitte an der Servicetheke der Bibliothek.<\/p>\n","protected":false},"excerpt":{"rendered":"<div class=\"tmnf_excerpt\"><p>Fulda. Die Hochschul- und Landesbibliothek stellt sehbehinderten Benutzerinnen und Benutzern in ihren neuen R\u00e4umlichkeiten auf dem Campus ab sofort einen speziell ausgestatteten PC-Arbeitsplatz zur Verf\u00fcgung. Damit ist es m\u00f6glich, Texte mit nat\u00fcrlicher Sprachausgabe akustisch wiederzugegeben, Texte zu vergr\u00f6\u00dfern und im Internet zu recherchieren. Ebenso ist es m\u00f6glich, Audioaufnahmen von Texten aus Dokumenten, Webseiten oder E-Mails &hellip;<\/p>\n<\/div>","protected":false},"author":1,"featured_media":0,"comment_status":"closed","ping_status":"closed","sticky":false,"template":"","format":"standard","meta":{"footnotes":""},"categories":[1,48],"tags":[],"class_list":["post-117978","post","type-post","status-publish","format-standard","hentry","category-startseite","category-forschung"],"_links":{"self":[{"href":"https:\/\/www.fuldaernachrichten.de\/index.php?rest_route=\/wp\/v2\/posts\/117978","targetHints":{"allow":["GET"]}}],"collection":[{"href":"https:\/\/www.fuldaernachrichten.de\/index.php?rest_route=\/wp\/v2\/posts"}],"about":[{"href":"https:\/\/www.fuldaernachrichten.de\/index.php?rest_route=\/wp\/v2\/types\/post"}],"author":[{"embeddable":true,"href":"https:\/\/www.fuldaernachrichten.de\/index.php?rest_route=\/wp\/v2\/users\/1"}],"replies":[{"embeddable":true,"href":"https:\/\/www.fuldaernachrichten.de\/index.php?rest_route=%2Fwp%2Fv2%2Fcomments&post=117978"}],"version-history":[{"count":1,"href":"https:\/\/www.fuldaernachrichten.de\/index.php?rest_route=\/wp\/v2\/posts\/117978\/revisions"}],"predecessor-version":[{"id":117979,"href":"https:\/\/www.fuldaernachrichten.de\/index.php?rest_route=\/wp\/v2\/posts\/117978\/revisions\/117979"}],"wp:attachment":[{"href":"https:\/\/www.fuldaernachrichten.de\/index.php?rest_route=%2Fwp%2Fv2%2Fmedia&parent=117978"}],"wp:term":[{"taxonomy":"category","embeddable":true,"href":"https:\/\/www.fuldaernachrichten.de\/index.php?rest_route=%2Fwp%2Fv2%2Fcategories&post=117978"},{"taxonomy":"post_tag","embeddable":true,"href":"https:\/\/www.fuldaernachrichten.de\/index.php?rest_route=%2Fwp%2Fv2%2Ftags&post=117978"}],"curies":[{"name":"wp","href":"https:\/\/api.w.org\/{rel}","templated":true}]}}