{"id":117971,"date":"2013-12-16T13:12:20","date_gmt":"2013-12-16T13:12:20","guid":{"rendered":"http:\/\/www.fuldaer-nachrichten.de\/?p=117971"},"modified":"2013-12-16T13:12:20","modified_gmt":"2013-12-16T13:12:20","slug":"abschlussbericht-zum-iab-betriebspanel-hessen-2012-ressourcen-und-potenziale-in-hessens-betrieben","status":"publish","type":"post","link":"https:\/\/www.fuldaernachrichten.de\/?p=117971","title":{"rendered":"Abschlussbericht zum IAB-Betriebspanel Hessen 2012 &#8211; Ressourcen und Potenziale in Hessens Betrieben"},"content":{"rendered":"<p>Hessen. F\u00fcr viele Betriebe gewinnt die Sicherung der Arbeitsf\u00e4higkeit ihrer Besch\u00e4ftigten an Bedeutung. Sie sind gefordert, durch ein breites Spektrum an Aktivit\u00e4ten, die bestehenden Ressourcen und die Potenziale aller Besch\u00e4ftigtengruppen optimal zu nutzen. Die Ergebnisse des IAB-Betriebspanels zeigen, dass sich der Wandel des betrieblichen Verhaltens allerdings erst allm\u00e4hlich vollzieht. Der nun vorliegende Abschlussbericht liefert umfangreiche Erkenntnisse \u00fcber die Situation hessischer Betriebe und wertvolle Hintergrundinformationen zu zahlreichen Aspekten betrieblichen Handelns. Die Besch\u00e4ftigungspolitik der Betriebe wird in ihren unterschiedlichen Facetten besser nachvollziehbar.<!--more--><br \/>\n<strong>Im Blickfeld stehen<\/strong><\/p>\n<p>\u00e2\u20ac\u00a2 die Nutzung der Potenziale betrieblicher Aus- und Weiterbildung,<br \/>\n\u00e2\u20ac\u00a2 betriebliche Ma\u00dfnahmen zur Verbesserung der Arbeitsf\u00e4higkeit der Besch\u00e4ftigten,<br \/>\n\u00e2\u20ac\u00a2 Frauenbesch\u00e4ftigung und Chancengleichheit sowie<br \/>\n\u00e2\u20ac\u00a2 betriebliche Strategien der Fachkr\u00e4ftesicherung.<\/p>\n<p><strong>Arbeitszeit \u2013 \u00dcberstunden &#8211; Gesundheitsschutz<\/strong><\/p>\n<p>Die Arbeitszeit lag 2012 leicht \u00fcber den Vorjahreswerten, \u00dcberstunden wurden in \u00e4hnlich vielen Betrieben eingesetzt wie in der Vergangenheit, das flexible Instrument der Arbeitszeitkonten wurde eher seltener genutzt als im Vorjahr. In der Mehrheit der hessischen Betriebe gibt es keine Angebote und Aktivit\u00e4ten zum Gesundheitsschutz, obwohl hessische Betriebe diese f\u00fcr k\u00fcnftig bedeutsam halten. Auch die Angleichung der Besch\u00e4ftigungs- und Karrierechancen zwischen den Geschlechtern hat sich kaum beschleunigt. Der Anteil der Frauen, die in den Betrieben die h\u00f6chste Hierarchiestufe erreichen, ist nach wie vor mit 26 Prozent recht gering und hat in den letzten Jahren nur leicht zugenommen.<\/p>\n<p>Bei den \u00dcberstunden ist dagegen eine Zunahme der Flexibilit\u00e4tspotenziale zu beobachten, bei den befristeten Neueinstellungen ist erstmals seit langem ein deutlicher R\u00fcckgang festzustellen, der Frauenanteil an den akademischen T\u00e4tigkeiten in den hessischen Betrieben ist recht deutlich angewachsen, und insbesondere in Mittel- und Gro\u00dfbetrieben sind weibliche F\u00fchrungskr\u00e4fte wesentlich h\u00e4ufiger anzutreffen als noch vor einigen Jahren.<\/p>\n<p>In den Betrieben, die mit r\u00fcckgehenden Besch\u00e4ftigtenzahlen oder Personalproblemen rechnen, finden sich z.B. deutlich h\u00e4ufiger Ma\u00dfnahmen zum Gesundheitsschutz als im Durchschnitt. Auch zeigen Betriebe, in denen aktuell Fachkr\u00e4fteengp\u00e4sse bestehen, ein erh\u00f6htes Aus- und Weiterbildungsengagement.<\/p>\n<p>Bei allem gilt, dass Betriebe aktiv werden, wenn sie vor unmittelbaren Herausforderungen stehen und dann auch problemorientiert handeln.<\/p>\n<p><strong>Hintergrundinformation:<\/strong><\/p>\n<p>Das Institut f\u00fcr Arbeitsmarkt- und Berufsforschung der Bundesagentur f\u00fcr Arbeit (IAB) l\u00e4sst seit 1993 j\u00e4hrlich Betriebe im Rahmen des IAB-Betriebspanels durch TNS Infratest Sozialforschung befragen. Die Auswertung f\u00fcr Hessen erfolgt durch das Institut f\u00fcr Wirtschaft, Arbeit und Kultur. Finanziert werden die hessischen Zusatzauswertungen durch das Hessische Ministerium f\u00fcr Wirtschaft, Verkehr und Landesentwicklung, die Regionaldirektion Hessen der Bundesagentur f\u00fcr Arbeit sowie durch den Europ\u00e4ischen Sozialfonds.<\/p>\n<p>Den vollst\u00e4ndigen Abschlussbericht finden Sie im Internet unter:<br \/>\n<a href=\"http:\/\/http:\/\/www.arbeitsagentur.de\/nn_29266\/Dienststellen\/RD-H\/RD-H\/A11-Arbeitsmarkt-Berufsforschg\/Allgemein\/IAB-Hessen-Ergebnisse-2013.html  \" target=\"_blank\">http:\/\/www.arbeitsagentur.de\/nn_29266\/Dienststellen\/RD-H\/RD-H\/A11-Arbeitsmarkt-Berufsforschg\/Allgemein\/IAB-Hessen-Ergebnisse-2013.html<\/a><br \/>\n<a href=\"http:\/\/http:\/\/www.arbeitsagentur.de\/nn_29266\/Dienststellen\/RD-H\/RD-H\/A11-Arbeitsmarkt-Berufsforschg\/Allgemein\/IAB-Hessen-Ergebnisse-2013.html  \" target=\"_blank\">\u00c2\u00a0<\/a><\/p>\n","protected":false},"excerpt":{"rendered":"<div class=\"tmnf_excerpt\"><p>Hessen. F\u00fcr viele Betriebe gewinnt die Sicherung der Arbeitsf\u00e4higkeit ihrer Besch\u00e4ftigten an Bedeutung. Sie sind gefordert, durch ein breites Spektrum an Aktivit\u00e4ten, die bestehenden Ressourcen und die Potenziale aller Besch\u00e4ftigtengruppen optimal zu nutzen. Die Ergebnisse des IAB-Betriebspanels zeigen, dass sich der Wandel des betrieblichen Verhaltens allerdings erst allm\u00e4hlich vollzieht. Der nun vorliegende Abschlussbericht liefert umfangreiche &hellip;<\/p>\n<\/div>","protected":false},"author":1,"featured_media":0,"comment_status":"closed","ping_status":"closed","sticky":false,"template":"","format":"standard","meta":{"footnotes":""},"categories":[1,53],"tags":[],"class_list":["post-117971","post","type-post","status-publish","format-standard","hentry","category-startseite","category-bildung"],"_links":{"self":[{"href":"https:\/\/www.fuldaernachrichten.de\/index.php?rest_route=\/wp\/v2\/posts\/117971","targetHints":{"allow":["GET"]}}],"collection":[{"href":"https:\/\/www.fuldaernachrichten.de\/index.php?rest_route=\/wp\/v2\/posts"}],"about":[{"href":"https:\/\/www.fuldaernachrichten.de\/index.php?rest_route=\/wp\/v2\/types\/post"}],"author":[{"embeddable":true,"href":"https:\/\/www.fuldaernachrichten.de\/index.php?rest_route=\/wp\/v2\/users\/1"}],"replies":[{"embeddable":true,"href":"https:\/\/www.fuldaernachrichten.de\/index.php?rest_route=%2Fwp%2Fv2%2Fcomments&post=117971"}],"version-history":[{"count":1,"href":"https:\/\/www.fuldaernachrichten.de\/index.php?rest_route=\/wp\/v2\/posts\/117971\/revisions"}],"predecessor-version":[{"id":117972,"href":"https:\/\/www.fuldaernachrichten.de\/index.php?rest_route=\/wp\/v2\/posts\/117971\/revisions\/117972"}],"wp:attachment":[{"href":"https:\/\/www.fuldaernachrichten.de\/index.php?rest_route=%2Fwp%2Fv2%2Fmedia&parent=117971"}],"wp:term":[{"taxonomy":"category","embeddable":true,"href":"https:\/\/www.fuldaernachrichten.de\/index.php?rest_route=%2Fwp%2Fv2%2Fcategories&post=117971"},{"taxonomy":"post_tag","embeddable":true,"href":"https:\/\/www.fuldaernachrichten.de\/index.php?rest_route=%2Fwp%2Fv2%2Ftags&post=117971"}],"curies":[{"name":"wp","href":"https:\/\/api.w.org\/{rel}","templated":true}]}}