{"id":117963,"date":"2013-12-16T00:36:17","date_gmt":"2013-12-16T00:36:17","guid":{"rendered":"http:\/\/www.fuldaer-nachrichten.de\/?p=117963"},"modified":"2013-12-16T10:41:38","modified_gmt":"2013-12-16T10:41:38","slug":"chat-thema-stipendien-am-18-dezember-im-auf-www-chat-abi-de","status":"publish","type":"post","link":"https:\/\/www.fuldaernachrichten.de\/?p=117963","title":{"rendered":"Chat-Thema \u201eStipendien\u201c &#8211; Am 18. Dezember auf www.chat.abi.de"},"content":{"rendered":"<p>Fulda. Wer ein Stipendium ergattert, kann sich gl\u00fccklich sch\u00e4tzen: Man bekommt Geld, das nicht zur\u00fcckgezahlt werden muss, erh\u00e4lt eine ideelle F\u00f6rderung in Form von Seminaren und Workshops und kann interessante Kontakte kn\u00fcpfen. Doch wer bekommt ein Stipendium? Welche formalen Voraussetzungen muss ich mitbringen und wo kann ich mich bewerben? Antworten auf diese und \u00e4hnliche Fragen gibt der n\u00e4chste abi&gt;&gt; Chat am Mittwoch, 18. Dezember, von 16 bis 17.30 Uhr.<!--more--><\/p>\n<p>Die meisten Studierenden finanzieren ihr Studium mit Hilfe der Eltern, jobben nebenbei oder erhalten BAf\u00f6G. Doch es gibt noch weitere M\u00f6glichkeiten, um die Finanzen w\u00e4hrend der Jahre an der Hochschule aufzubessern: Wer sich etwa gesellschaftlich engagiert, sehr gute Noten vorweisen kann oder ein besonderes Interesse verfolgt, kann sich f\u00fcr ein Stipendium bewerben.<\/p>\n<p>Die Chancen, an ein staatlich gef\u00f6rdertes Stipendium zu kommen, stehen heute besser denn je. Laut Bundesministerium f\u00fcr Bildung und Forschung (BMBF) sind die Mittel der Begabtenf\u00f6rderung in Deutschland in den vergangenen Jahren enorm gestiegen. Die Zahl der aus Bundesmitteln vergebenen Stipendien f\u00fcr Studierende hat sich von 2005 bis heute verdreifacht \u2013 von 13.415 auf rund 40.500. Auch wenn die Chancen auf ein Stipendium gut sind \u2013 kann ich mich auch ohne Bestnoten bewerben? Welches Stipendium passt zu mir und welche Auswahlverfahren k\u00f6nnen auf mich zukommen?<\/p>\n<p>Antworten auf diese und \u00e4hnliche Fragen gibt der n\u00e4chste abi&gt;&gt; Chat, der am 18. Dezember von 16 bis 17.30 Uhr stattfindet. Neben Berufsberatern der Agenturen f\u00fcr Arbeit stellt sich Katharina Semmler von der Studienstiftung des deutschen Volkes den Fragen der User.<\/p>\n<p>Interessierte loggen sich ab 16 Uhr ein unter <a href=\"http:\/\/chat.abi.de\">http:\/\/chat.abi.de<\/a> . Die Teilnahme ist kostenfrei. Wer zum angegebenen Termin keine Zeit hat, kann seine Fragen auch gerne vorab an die abi&gt;&gt; Redaktion richten (<a href=\"mailto:abi-redaktion@willmycc.de\">abi-redaktion@willmycc.de<\/a>) und die Antworten im Chatprotokoll nachlesen, das nach dem Chat online im abi&gt;&gt; Portal ver\u00f6ffentlicht wird.<\/p>\n","protected":false},"excerpt":{"rendered":"<div class=\"tmnf_excerpt\"><p>Fulda. Wer ein Stipendium ergattert, kann sich gl\u00fccklich sch\u00e4tzen: Man bekommt Geld, das nicht zur\u00fcckgezahlt werden muss, erh\u00e4lt eine ideelle F\u00f6rderung in Form von Seminaren und Workshops und kann interessante Kontakte kn\u00fcpfen. Doch wer bekommt ein Stipendium? Welche formalen Voraussetzungen muss ich mitbringen und wo kann ich mich bewerben? Antworten auf diese und \u00e4hnliche Fragen &hellip;<\/p>\n<\/div>","protected":false},"author":1,"featured_media":0,"comment_status":"closed","ping_status":"closed","sticky":false,"template":"","format":"standard","meta":{"footnotes":""},"categories":[1,53],"tags":[],"class_list":["post-117963","post","type-post","status-publish","format-standard","hentry","category-startseite","category-bildung"],"_links":{"self":[{"href":"https:\/\/www.fuldaernachrichten.de\/index.php?rest_route=\/wp\/v2\/posts\/117963","targetHints":{"allow":["GET"]}}],"collection":[{"href":"https:\/\/www.fuldaernachrichten.de\/index.php?rest_route=\/wp\/v2\/posts"}],"about":[{"href":"https:\/\/www.fuldaernachrichten.de\/index.php?rest_route=\/wp\/v2\/types\/post"}],"author":[{"embeddable":true,"href":"https:\/\/www.fuldaernachrichten.de\/index.php?rest_route=\/wp\/v2\/users\/1"}],"replies":[{"embeddable":true,"href":"https:\/\/www.fuldaernachrichten.de\/index.php?rest_route=%2Fwp%2Fv2%2Fcomments&post=117963"}],"version-history":[{"count":2,"href":"https:\/\/www.fuldaernachrichten.de\/index.php?rest_route=\/wp\/v2\/posts\/117963\/revisions"}],"predecessor-version":[{"id":117967,"href":"https:\/\/www.fuldaernachrichten.de\/index.php?rest_route=\/wp\/v2\/posts\/117963\/revisions\/117967"}],"wp:attachment":[{"href":"https:\/\/www.fuldaernachrichten.de\/index.php?rest_route=%2Fwp%2Fv2%2Fmedia&parent=117963"}],"wp:term":[{"taxonomy":"category","embeddable":true,"href":"https:\/\/www.fuldaernachrichten.de\/index.php?rest_route=%2Fwp%2Fv2%2Fcategories&post=117963"},{"taxonomy":"post_tag","embeddable":true,"href":"https:\/\/www.fuldaernachrichten.de\/index.php?rest_route=%2Fwp%2Fv2%2Ftags&post=117963"}],"curies":[{"name":"wp","href":"https:\/\/api.w.org\/{rel}","templated":true}]}}