{"id":117956,"date":"2013-12-16T10:31:30","date_gmt":"2013-12-16T10:31:30","guid":{"rendered":"http:\/\/www.fuldaer-nachrichten.de\/?p=117956"},"modified":"2013-12-16T10:31:30","modified_gmt":"2013-12-16T10:31:30","slug":"65-jahre-jumo-65-jahre-technik-mit-leidenschaft","status":"publish","type":"post","link":"https:\/\/www.fuldaernachrichten.de\/?p=117956","title":{"rendered":"65 Jahre JUMO \u2013 65 Jahre Technik mit Leidenschaft"},"content":{"rendered":"<div id=\"attachment_117957\" style=\"width: 275px\" class=\"wp-caption alignleft\"><a href=\"http:\/\/www.fuldaer-nachrichten.de\/wp-content\/uploads\/2013\/12\/JUMO_Reinraum_Pressefoto.jpg\"><img decoding=\"async\" aria-describedby=\"caption-attachment-117957\" class=\"size-thumbnail wp-image-117957\" alt=\": Am Standort Fulda werden von JUMO \u2013 wie hier in einem sogenannten Reinraum \u2013 Hightech-Produkte f\u00fcr den Weltmarkt produziert.\" src=\"http:\/\/www.fuldaer-nachrichten.de\/wp-content\/uploads\/2013\/12\/JUMO_Reinraum_Pressefoto-265x181.jpg\" width=\"265\" height=\"181\" srcset=\"https:\/\/www.fuldaernachrichten.de\/wp-content\/uploads\/2013\/12\/JUMO_Reinraum_Pressefoto-265x181.jpg 265w, https:\/\/www.fuldaernachrichten.de\/wp-content\/uploads\/2013\/12\/JUMO_Reinraum_Pressefoto.jpg 600w\" sizes=\"(max-width: 265px) 100vw, 265px\" \/><\/a><p id=\"caption-attachment-117957\" class=\"wp-caption-text\">: Am Standort Fulda werden von JUMO \u2013 wie hier in einem sogenannten Reinraum \u2013 Hightech-Produkte f\u00fcr den Weltmarkt produziert.<\/p><\/div>\n<p>Fulda. Die Fuldaer JUMO GmbH &amp; Co. KG feiert in diesem Jahr ihr 65-j\u00e4hriges Jubil\u00e4um. Aus einem kleinen Betrieb ist seit 1948 ein international agierendes Unternehmen mit mehr als 2.100 Besch\u00e4ftigten und einem Umsatz von mehr als 200 Millionen Euro geworden. Glasthermometer waren das erste Standbein des Firmengr\u00fcnders Moritz Kurt Juchheim, mit dem er vor 65 Jahren auf einer Fl\u00e4che von 350 Quadratmetern die Produktion startete. Schon vier Jahre sp\u00e4ter war die Mitarbeiterzahl von anf\u00e4nglich sechs auf \u00fcber 100 gestiegen. <!--more--><\/p>\n<p>Heute werden in der Stra\u00dfe, die mittlerweile den Namen des Firmengr\u00fcnders tr\u00e4gt, auf 54.000 Quadratmetern von rund 1.350 Mitarbeiterinnen und Mitarbeitern High-Tech-Produkte aus dem Bereich der industriellen Mess-, Regel- und Automatisierungstechnik produziert. Ein Grund f\u00fcr das konstante Wachstum: \u201eMein Vater hatte immer die richtige Gesch\u00e4ftsidee zur richtigen Zeit. Er hat fr\u00fchzeitig die Trends zur Elektrifizierung und Automatisierung in der Messtechnik erkannt und immer auch das internationale Wachstum vorangetrieben\u201c, erl\u00e4utert Bernhard Juchheim, gesch\u00e4ftsf\u00fchrender JUMO-Gesellschafter. Die Unternehmensgruppe ist heute in \u00fcber 60 Nationen aktiv, in 24 L\u00e4ndern existieren eigene Tochtergesellschaften. Zu den Besch\u00e4ftigten in Fulda kommen noch einmal 700 Mitarbeiterinnen und Mitarbeiter im Ausland.<\/p>\n<p>So z\u00e4hlt das Unternehmen heute zu den f\u00fchrenden Herstellern auf dem Gebiet der Sensor- und Automatisierungstechnik. JUMO-Produkte kommen rund um den Globus beispielsweise in den Branchen \u201eHeizung und Klima\u201c, \u201eLebensmittel und Getr\u00e4nke\u201c, \u201eErneuerbare Energien\u201c oder \u201eWasser und Abwasser\u201c zum Einsatz. \u201eUnsere Konzentration auf die M\u00e4rkte und Branchen der Zukunft ist Teil unseres Erfolgsmodells. Dazu kommt eine gro\u00dfe Fertigungstiefe, die es uns erm\u00f6glicht, individuell und flexibel auf Kundenw\u00fcnsche einzugehen\u201c, betont Michael Juchheim, der mit seinem Vater als gesch\u00e4ftsf\u00fchrender Gesellschafter das Unternehmen lenkt.<\/p>\n<p>F\u00fcr die Zukunft des Unternehmens hat JUMO vor wenigen Wochen mit dem Kauf eines 100.000 Quadratmeter gro\u00dfen Grundst\u00fccks im Industriegebiet West wichtige Weichen gestellt. \u201eDiese Erweiterung ist ein klares Bekenntnis zum Standort Fulda an dem wir gemeinsam mit unseren qualifizierten Mitarbeitern weiter wachsen wollen\u201c, bekr\u00e4ftigt Bernhard Juchheim. Mit aktuell \u00fcber 100 Auszubildenden und dual Studierenden leiste das Unternehmen schon jetzt einen wichtigen Beitrag zur Fachkr\u00e4ftesicherung in der Region.<\/p>\n","protected":false},"excerpt":{"rendered":"<div class=\"tmnf_excerpt\"><p>Fulda. Die Fuldaer JUMO GmbH &amp; Co. KG feiert in diesem Jahr ihr 65-j\u00e4hriges Jubil\u00e4um. Aus einem kleinen Betrieb ist seit 1948 ein international agierendes Unternehmen mit mehr als 2.100 Besch\u00e4ftigten und einem Umsatz von mehr als 200 Millionen Euro geworden. Glasthermometer waren das erste Standbein des Firmengr\u00fcnders Moritz Kurt Juchheim, mit dem er vor &hellip;<\/p>\n<\/div>","protected":false},"author":1,"featured_media":0,"comment_status":"closed","ping_status":"closed","sticky":false,"template":"","format":"standard","meta":{"footnotes":""},"categories":[1,29],"tags":[],"class_list":["post-117956","post","type-post","status-publish","format-standard","hentry","category-startseite","category-politik"],"_links":{"self":[{"href":"https:\/\/www.fuldaernachrichten.de\/index.php?rest_route=\/wp\/v2\/posts\/117956","targetHints":{"allow":["GET"]}}],"collection":[{"href":"https:\/\/www.fuldaernachrichten.de\/index.php?rest_route=\/wp\/v2\/posts"}],"about":[{"href":"https:\/\/www.fuldaernachrichten.de\/index.php?rest_route=\/wp\/v2\/types\/post"}],"author":[{"embeddable":true,"href":"https:\/\/www.fuldaernachrichten.de\/index.php?rest_route=\/wp\/v2\/users\/1"}],"replies":[{"embeddable":true,"href":"https:\/\/www.fuldaernachrichten.de\/index.php?rest_route=%2Fwp%2Fv2%2Fcomments&post=117956"}],"version-history":[{"count":1,"href":"https:\/\/www.fuldaernachrichten.de\/index.php?rest_route=\/wp\/v2\/posts\/117956\/revisions"}],"predecessor-version":[{"id":117959,"href":"https:\/\/www.fuldaernachrichten.de\/index.php?rest_route=\/wp\/v2\/posts\/117956\/revisions\/117959"}],"wp:attachment":[{"href":"https:\/\/www.fuldaernachrichten.de\/index.php?rest_route=%2Fwp%2Fv2%2Fmedia&parent=117956"}],"wp:term":[{"taxonomy":"category","embeddable":true,"href":"https:\/\/www.fuldaernachrichten.de\/index.php?rest_route=%2Fwp%2Fv2%2Fcategories&post=117956"},{"taxonomy":"post_tag","embeddable":true,"href":"https:\/\/www.fuldaernachrichten.de\/index.php?rest_route=%2Fwp%2Fv2%2Ftags&post=117956"}],"curies":[{"name":"wp","href":"https:\/\/api.w.org\/{rel}","templated":true}]}}