{"id":117951,"date":"2013-12-16T10:27:04","date_gmt":"2013-12-16T10:27:04","guid":{"rendered":"http:\/\/www.fuldaer-nachrichten.de\/?p=117951"},"modified":"2013-12-16T10:27:04","modified_gmt":"2013-12-16T10:27:04","slug":"daemmerstunde-in-der-mandelrose","status":"publish","type":"post","link":"https:\/\/www.fuldaernachrichten.de\/?p=117951","title":{"rendered":"D\u00e4mmerstunde in der MandelRose"},"content":{"rendered":"<p>Fulda. Am Samstag, 1. Februar 2014, 17.00 Uhr, findet im LadenCaf\u00e9\u00c2\u00a0 MandelRose, Kanalstra\u00dfe 74 in Fulda, eine \u201eD\u00e4mmerstunde\u201c mit dem bekannten Musiker Frank Tischer statt. Bei Klaviermusik und ohne k\u00fcnstliches Licht soll der beginnende Abend, der Zeitraum zwischen Hell und Dunkel, bewusst und schweigend wahrgenommen werden. Danach soll der Abend beim gem\u00fctlichen Beisammensein ausklingen. Der Eintritt kostet 15 Euro, inklusiv 7 Euro Verzehr-\/ Einkaufsgutschein.\u00c2\u00a0 Karten k\u00f6nnen in der MandelRose erworben werden. Es wird darauf verwiesen, dass nur begrenzt Pl\u00e4tze zur Verf\u00fcgung stehen.<\/p>\n","protected":false},"excerpt":{"rendered":"<div class=\"tmnf_excerpt\"><p>Fulda. Am Samstag, 1. Februar 2014, 17.00 Uhr, findet im LadenCaf\u00e9\u00c2\u00a0 MandelRose, Kanalstra\u00dfe 74 in Fulda, eine \u201eD\u00e4mmerstunde\u201c mit dem bekannten Musiker Frank Tischer statt. Bei Klaviermusik und ohne k\u00fcnstliches Licht soll der beginnende Abend, der Zeitraum zwischen Hell und Dunkel, bewusst und schweigend wahrgenommen werden. Danach soll der Abend beim gem\u00fctlichen Beisammensein ausklingen. Der &hellip;<\/p>\n<\/div>","protected":false},"author":1,"featured_media":0,"comment_status":"closed","ping_status":"closed","sticky":false,"template":"","format":"standard","meta":{"footnotes":""},"categories":[1,44],"tags":[],"class_list":["post-117951","post","type-post","status-publish","format-standard","hentry","category-startseite","category-kultur"],"_links":{"self":[{"href":"https:\/\/www.fuldaernachrichten.de\/index.php?rest_route=\/wp\/v2\/posts\/117951","targetHints":{"allow":["GET"]}}],"collection":[{"href":"https:\/\/www.fuldaernachrichten.de\/index.php?rest_route=\/wp\/v2\/posts"}],"about":[{"href":"https:\/\/www.fuldaernachrichten.de\/index.php?rest_route=\/wp\/v2\/types\/post"}],"author":[{"embeddable":true,"href":"https:\/\/www.fuldaernachrichten.de\/index.php?rest_route=\/wp\/v2\/users\/1"}],"replies":[{"embeddable":true,"href":"https:\/\/www.fuldaernachrichten.de\/index.php?rest_route=%2Fwp%2Fv2%2Fcomments&post=117951"}],"version-history":[{"count":1,"href":"https:\/\/www.fuldaernachrichten.de\/index.php?rest_route=\/wp\/v2\/posts\/117951\/revisions"}],"predecessor-version":[{"id":117952,"href":"https:\/\/www.fuldaernachrichten.de\/index.php?rest_route=\/wp\/v2\/posts\/117951\/revisions\/117952"}],"wp:attachment":[{"href":"https:\/\/www.fuldaernachrichten.de\/index.php?rest_route=%2Fwp%2Fv2%2Fmedia&parent=117951"}],"wp:term":[{"taxonomy":"category","embeddable":true,"href":"https:\/\/www.fuldaernachrichten.de\/index.php?rest_route=%2Fwp%2Fv2%2Fcategories&post=117951"},{"taxonomy":"post_tag","embeddable":true,"href":"https:\/\/www.fuldaernachrichten.de\/index.php?rest_route=%2Fwp%2Fv2%2Ftags&post=117951"}],"curies":[{"name":"wp","href":"https:\/\/api.w.org\/{rel}","templated":true}]}}