{"id":117945,"date":"2013-12-16T00:20:45","date_gmt":"2013-12-16T00:20:45","guid":{"rendered":"http:\/\/www.fuldaer-nachrichten.de\/?p=117945"},"modified":"2013-12-15T18:46:01","modified_gmt":"2013-12-15T18:46:01","slug":"personelle-veraenderungen-bei-der-jugendbildungsstaette-auf-der-wasserkuppe","status":"publish","type":"post","link":"https:\/\/www.fuldaernachrichten.de\/?p=117945","title":{"rendered":"Personelle Ver\u00e4nderungen bei der Jugendbildungsst\u00e4tte auf der Wasserkuppe"},"content":{"rendered":"<div id=\"attachment_117946\" style=\"width: 275px\" class=\"wp-caption alignleft\"><a href=\"http:\/\/www.fuldaer-nachrichten.de\/wp-content\/uploads\/2013\/12\/554-Personelle-Ver\u00e4nderungen.jpg\"><img decoding=\"async\" aria-describedby=\"caption-attachment-117946\" class=\"size-thumbnail wp-image-117946\" alt=\"Von links: Landrat Bernd Woide, Aufsichtsratsvorsitzender Harald Sch\u00e4fer, Oliver Schwenck. Martin Dominik, B\u00fcrgermeister Peter Wolff \/ Foto: Gilbert\" src=\"http:\/\/www.fuldaer-nachrichten.de\/wp-content\/uploads\/2013\/12\/554-Personelle-Ver\u00e4nderungen-265x176.jpg\" width=\"265\" height=\"176\" \/><\/a><p id=\"caption-attachment-117946\" class=\"wp-caption-text\">Von links: Landrat Bernd Woide, Aufsichtsratsvorsitzender Harald Sch\u00e4fer, Oliver Schwenck. Martin Dominik, B\u00fcrgermeister Peter Wolff \/ Foto: Gilbert<\/p><\/div>\n<p>Wasserkuppe. Oliver Schwenck, von 2001 bis 2013 Gesch\u00e4ftsf\u00fchrer der Jugendbildungsst\u00e4tte Wasserkuppe, wurde durch Landrat\u00c2\u00a0 Bernd Woide, der gleichzeitig Pr\u00e4sident der Gesellschaft zur F\u00f6rderung des Segelflugs auf der Wasserkuppe ist, und durch den Aufsichtsratsvorsitzenden der Jugendeinrichtung, Harald Sch\u00e4fer, verabschiedet.<!--more--><\/p>\n<p>Der Versicherungskaufmann und ehemalige Jugendherbergsleiter von Cochem wirkte nachhaltig an der Umgestaltung des ehemaligen Kasernengel\u00e4ndes zu einer modernen Jugendeinrichtung mit und war ma\u00dfgeblich an der Ausgestaltung des Dreiklangs \u201eJugend-Flieger-Natur\u201c beteiligt. Nach den Worten von Harald Sch\u00e4fer habe Oliver Schwenck die Grundlagen daf\u00fcr geschaffen, das die Jugendbildungsst\u00e4tte zu einem wichtigen Faktor des Jugendtourismus in der Rh\u00f6n geworden sei. Mit j\u00e4hrlich 24.000 \u00dcbernachtungen trage sie ma\u00dfgeblich zum Fremdenverkehrsaufkommen der Stadt Gersfeld bei, unterstrich Sch\u00e4fer in Anwesenheit von B\u00fcrgermeister Peter Wolff.<\/p>\n<p>Landrat Bernd Woide nannte den scheidenden Gesch\u00e4ftsf\u00fchrer einen \u201efachlich kompetenten, menschlich zugewandten und sozial denkenden Organisator und Administrator, der stets die Interessen seiner jungen G\u00e4ste im Auge hatte\u201c. Oliver Schwenck selbst w\u00fcnschte der Jugendbildungsst\u00e4tte eine weiterhin positive Entwicklung und seinem Nachfolger Martin Dominik viel Erfolg bei der Arbeit. Harald Sch\u00e4fer verband die Amtseinf\u00fchrung des geb\u00fcrtigen Th\u00fcringers mit der Erwartung, dass \u201eer bei den Belegungen immer noch eine Schippe drauflegt, Akzente bei der Ausgestaltung des Bildungsauftrags\u00c2\u00a0 setzt und die weitere bauliche Sanierung unterst\u00fctzt\u201c.<\/p>\n","protected":false},"excerpt":{"rendered":"<div class=\"tmnf_excerpt\"><p>Wasserkuppe. Oliver Schwenck, von 2001 bis 2013 Gesch\u00e4ftsf\u00fchrer der Jugendbildungsst\u00e4tte Wasserkuppe, wurde durch Landrat\u00c2\u00a0 Bernd Woide, der gleichzeitig Pr\u00e4sident der Gesellschaft zur F\u00f6rderung des Segelflugs auf der Wasserkuppe ist, und durch den Aufsichtsratsvorsitzenden der Jugendeinrichtung, Harald Sch\u00e4fer, verabschiedet.<\/p>\n<\/div>","protected":false},"author":1,"featured_media":0,"comment_status":"closed","ping_status":"closed","sticky":false,"template":"","format":"standard","meta":{"footnotes":""},"categories":[1,52],"tags":[],"class_list":["post-117945","post","type-post","status-publish","format-standard","hentry","category-startseite","category-umwelt"],"_links":{"self":[{"href":"https:\/\/www.fuldaernachrichten.de\/index.php?rest_route=\/wp\/v2\/posts\/117945","targetHints":{"allow":["GET"]}}],"collection":[{"href":"https:\/\/www.fuldaernachrichten.de\/index.php?rest_route=\/wp\/v2\/posts"}],"about":[{"href":"https:\/\/www.fuldaernachrichten.de\/index.php?rest_route=\/wp\/v2\/types\/post"}],"author":[{"embeddable":true,"href":"https:\/\/www.fuldaernachrichten.de\/index.php?rest_route=\/wp\/v2\/users\/1"}],"replies":[{"embeddable":true,"href":"https:\/\/www.fuldaernachrichten.de\/index.php?rest_route=%2Fwp%2Fv2%2Fcomments&post=117945"}],"version-history":[{"count":1,"href":"https:\/\/www.fuldaernachrichten.de\/index.php?rest_route=\/wp\/v2\/posts\/117945\/revisions"}],"predecessor-version":[{"id":117947,"href":"https:\/\/www.fuldaernachrichten.de\/index.php?rest_route=\/wp\/v2\/posts\/117945\/revisions\/117947"}],"wp:attachment":[{"href":"https:\/\/www.fuldaernachrichten.de\/index.php?rest_route=%2Fwp%2Fv2%2Fmedia&parent=117945"}],"wp:term":[{"taxonomy":"category","embeddable":true,"href":"https:\/\/www.fuldaernachrichten.de\/index.php?rest_route=%2Fwp%2Fv2%2Fcategories&post=117945"},{"taxonomy":"post_tag","embeddable":true,"href":"https:\/\/www.fuldaernachrichten.de\/index.php?rest_route=%2Fwp%2Fv2%2Ftags&post=117945"}],"curies":[{"name":"wp","href":"https:\/\/api.w.org\/{rel}","templated":true}]}}