{"id":117936,"date":"2013-12-16T00:09:10","date_gmt":"2013-12-16T00:09:10","guid":{"rendered":"http:\/\/www.fuldaer-nachrichten.de\/?p=117936"},"modified":"2013-12-15T18:41:53","modified_gmt":"2013-12-15T18:41:53","slug":"gelungener-saisonstart-der-tsg-kuenzell-schueler-und-jugendteam-1-platzjugend-solo-3-platz","status":"publish","type":"post","link":"https:\/\/www.fuldaernachrichten.de\/?p=117936","title":{"rendered":"Gelungener Saisonstart der TSG K\u00fcnzell &#8211; Sch\u00fcler- und Jugendteam 1. Platz\/Jugend-Solo 3. Platz"},"content":{"rendered":"<p><a href=\"http:\/\/www.fuldaer-nachrichten.de\/wp-content\/uploads\/2013\/12\/Nordenstadt-094-Sch\u00fcler.jpg\"><img fetchpriority=\"high\" decoding=\"async\" class=\"alignnone size-full wp-image-117939\" alt=\"Nordenstadt 094 Sch\u00fcler\" src=\"http:\/\/www.fuldaer-nachrichten.de\/wp-content\/uploads\/2013\/12\/Nordenstadt-094-Sch\u00fcler.jpg\" width=\"560\" height=\"358\" \/><\/a><\/p>\n<p>K\u00fcnzell. Beide Teams und das Solo konnten gleich zu Beginn der Saison in der 1. Bundesliga starten. Diese gro\u00dfe Aufgabe wurde am letzten Samstag beim Internationalen Turnier in Nordenstadt erfolgreich gemeistert. Das Sch\u00fclerteam der TSG K\u00fcnzell startete gleich am Vormittag. In diesem Jahr hatten die Trainerinnen Anna-Lena Elm und Ute Kerkow das Thema \u201eDie verborgene Welt\u201c basierend auf den \u201eChroniken von Narnia\u201c gew\u00e4hlt.<!--more--><\/p>\n<p>Vier Geschwister gelangen durch einen magischen Kleiderschrank in eine verzauberte Welt, die von einer wei\u00dfen Hexe regiert wird, welche das Land unter Schnee und Eis gelegt hat. Laut einer alten Legende sind diese vier Kinder auserw\u00e4hlt, das Land von ihrem Bann zu befreien und es wieder aufbl\u00fchen zu lassen.<\/p>\n<p>Mit einer f\u00fcr den Beginn der Saison bereits tollen Pr\u00e4zision schafften es die T\u00e4nzerinnen und T\u00e4nzer im Alter von 9-12 Jahren, die Geschichte so emotional auf die B\u00fchne zu bringen, dass bei dem einen oder anderen Zuschauer im Publikum sogar die Augen feucht wurden. Diese Leistung wurde von den Wertungsrichtern mit 273 Punkten belohnt, einer der h\u00f6chsten Wertungen in der Sch\u00fclerklasse des gesamten Tages, die f\u00fcr die Sch\u00fcler der TSG den Turniersieg in ihrer Disziplin Schautanz Charakter bedeutete.<\/p>\n<p><a href=\"http:\/\/www.fuldaer-nachrichten.de\/wp-content\/uploads\/2013\/12\/IMG_0942.jpg\"><img decoding=\"async\" class=\"alignnone size-thumbnail wp-image-117940\" alt=\"IMG_0942\" src=\"http:\/\/www.fuldaer-nachrichten.de\/wp-content\/uploads\/2013\/12\/IMG_0942-265x176.jpg\" width=\"265\" height=\"176\" srcset=\"https:\/\/www.fuldaernachrichten.de\/wp-content\/uploads\/2013\/12\/IMG_0942-265x176.jpg 265w, https:\/\/www.fuldaernachrichten.de\/wp-content\/uploads\/2013\/12\/IMG_0942.jpg 600w\" sizes=\"(max-width: 265px) 100vw, 265px\" \/><\/a><a href=\"http:\/\/www.fuldaer-nachrichten.de\/wp-content\/uploads\/2013\/12\/IMG_0944.jpg\"><img decoding=\"async\" class=\"alignnone size-thumbnail wp-image-117941\" alt=\"IMG_0944\" src=\"http:\/\/www.fuldaer-nachrichten.de\/wp-content\/uploads\/2013\/12\/IMG_0944-265x176.jpg\" width=\"265\" height=\"176\" srcset=\"https:\/\/www.fuldaernachrichten.de\/wp-content\/uploads\/2013\/12\/IMG_0944-265x176.jpg 265w, https:\/\/www.fuldaernachrichten.de\/wp-content\/uploads\/2013\/12\/IMG_0944.jpg 600w\" sizes=\"(max-width: 265px) 100vw, 265px\" \/><\/a><\/p>\n<p>Am Mittag startete dann die 14j\u00e4hrige Solot\u00e4nzerin Anna-Lena Schubert. Mit dem Thema \u201eAlles was ich geben musste\u201c aus dem Fuldaer Musical \u201eKolpings Traum\u201c ertanzte sie sich ausdrucksstark und auf einem hohen Schwierigkeitslevel einen hervorragenden 3. Platz. Die Trainerinnen Carina Bermejo-Perez und Mirjam Kleiss sind stolz auf die erfolgreiche Premiere in der 1. Bundesliga.<\/p>\n<p>Gespannt warteten alle mitgereisten Fans, Zuschauer und die Konkurrenz auf den Auftritt des Jugendteams, das im vergangenen Jahr alles an Preisen und Siegerpl\u00e4tzen abger\u00e4umt hatte, die es zu gewinnen gab. Besonders aufgeregt waren nat\u00fcrlich die T\u00e4nzerinnen und T\u00e4nzer sowie die beiden Trainerinnen Carina Bermejo-Perez und Mirjam Kleiss. Die Geschichte dreht sich in diesem Jahr um den Waisenjungen \u201eKrabat\u201c. Dieser tritt eine Lehrstelle in einer M\u00fchle an, in der sein b\u00f6ser Meister den Gesellen auch die Schwarze Magie lehrt. Krabat muss nun mit Hilfe seines M\u00e4dchens versuchen, aus der M\u00fchle und den F\u00e4ngen des Meisters zu entkommen. Dazu muss sein M\u00e4dchen unter allen Gesellen, die in Kr\u00e4hengestalt erscheinen, Krabat erkennen.<\/p>\n<p><a href=\"http:\/\/www.fuldaer-nachrichten.de\/wp-content\/uploads\/2013\/12\/Nordenstadt-074-Sch\u00fcler2.jpg\"><img loading=\"lazy\" decoding=\"async\" class=\"alignnone size-thumbnail wp-image-117938\" alt=\"Nordenstadt 074 Sch\u00fcler2\" src=\"http:\/\/www.fuldaer-nachrichten.de\/wp-content\/uploads\/2013\/12\/Nordenstadt-074-Sch\u00fcler2-265x175.jpg\" width=\"265\" height=\"175\" \/><\/a><a href=\"http:\/\/www.fuldaer-nachrichten.de\/wp-content\/uploads\/2013\/12\/IMG_4012.jpg\"><img loading=\"lazy\" decoding=\"async\" class=\"alignnone size-thumbnail wp-image-117937\" alt=\"IMG_4012\" src=\"http:\/\/www.fuldaer-nachrichten.de\/wp-content\/uploads\/2013\/12\/IMG_4012-265x176.jpg\" width=\"265\" height=\"176\" srcset=\"https:\/\/www.fuldaernachrichten.de\/wp-content\/uploads\/2013\/12\/IMG_4012-265x176.jpg 265w, https:\/\/www.fuldaernachrichten.de\/wp-content\/uploads\/2013\/12\/IMG_4012.jpg 600w\" sizes=\"(max-width: 265px) 100vw, 265px\" \/><\/a><\/p>\n<p>Durch eine sehr anspruchsvolle Choreographie mit sehr aufw\u00e4ndigen Kost\u00fcmen und ausdrucksstarker Maske konnten die 12- bis 16j\u00e4hrigen T\u00e4nzerinnen und T\u00e4nzer alle in ihren Bann ziehen und wurden von den Wertungsrichtern mit grandiosen 291 Punkten (von 300) belohnt. Ein Riesenerfolg zum Start der Saison, der auch als Tagesh\u00f6chstwertung aller aufgef\u00fchrten T\u00e4nze gewertet wurde.<\/p>\n<p>Am 11.01 startet das Sch\u00fclerteam bei einem weiteren internationalen Turnier und am 12.01.2014 die Solot\u00e4nzerin Anna-Lena Schubert bei einem Ranglistenturnier in Hamborn. Das Jugendteam bestreitet am 18.01.2014 das n\u00e4chste Turnier in Volxheim.<\/p>\n","protected":false},"excerpt":{"rendered":"<div class=\"tmnf_excerpt\"><p>K\u00fcnzell. Beide Teams und das Solo konnten gleich zu Beginn der Saison in der 1. Bundesliga starten. Diese gro\u00dfe Aufgabe wurde am letzten Samstag beim Internationalen Turnier in Nordenstadt erfolgreich gemeistert. Das Sch\u00fclerteam der TSG K\u00fcnzell startete gleich am Vormittag. In diesem Jahr hatten die Trainerinnen Anna-Lena Elm und Ute Kerkow das Thema \u201eDie verborgene &hellip;<\/p>\n<\/div>","protected":false},"author":1,"featured_media":0,"comment_status":"closed","ping_status":"closed","sticky":false,"template":"","format":"standard","meta":{"footnotes":""},"categories":[1,78],"tags":[],"class_list":["post-117936","post","type-post","status-publish","format-standard","hentry","category-startseite","category-topthema"],"_links":{"self":[{"href":"https:\/\/www.fuldaernachrichten.de\/index.php?rest_route=\/wp\/v2\/posts\/117936","targetHints":{"allow":["GET"]}}],"collection":[{"href":"https:\/\/www.fuldaernachrichten.de\/index.php?rest_route=\/wp\/v2\/posts"}],"about":[{"href":"https:\/\/www.fuldaernachrichten.de\/index.php?rest_route=\/wp\/v2\/types\/post"}],"author":[{"embeddable":true,"href":"https:\/\/www.fuldaernachrichten.de\/index.php?rest_route=\/wp\/v2\/users\/1"}],"replies":[{"embeddable":true,"href":"https:\/\/www.fuldaernachrichten.de\/index.php?rest_route=%2Fwp%2Fv2%2Fcomments&post=117936"}],"version-history":[{"count":1,"href":"https:\/\/www.fuldaernachrichten.de\/index.php?rest_route=\/wp\/v2\/posts\/117936\/revisions"}],"predecessor-version":[{"id":117942,"href":"https:\/\/www.fuldaernachrichten.de\/index.php?rest_route=\/wp\/v2\/posts\/117936\/revisions\/117942"}],"wp:attachment":[{"href":"https:\/\/www.fuldaernachrichten.de\/index.php?rest_route=%2Fwp%2Fv2%2Fmedia&parent=117936"}],"wp:term":[{"taxonomy":"category","embeddable":true,"href":"https:\/\/www.fuldaernachrichten.de\/index.php?rest_route=%2Fwp%2Fv2%2Fcategories&post=117936"},{"taxonomy":"post_tag","embeddable":true,"href":"https:\/\/www.fuldaernachrichten.de\/index.php?rest_route=%2Fwp%2Fv2%2Ftags&post=117936"}],"curies":[{"name":"wp","href":"https:\/\/api.w.org\/{rel}","templated":true}]}}