{"id":117925,"date":"2013-12-16T00:13:25","date_gmt":"2013-12-16T00:13:25","guid":{"rendered":"http:\/\/www.fuldaer-nachrichten.de\/?p=117925"},"modified":"2013-12-15T18:31:55","modified_gmt":"2013-12-15T18:31:55","slug":"sg-sickels-beim-heimspiel-von-hannover-96","status":"publish","type":"post","link":"https:\/\/www.fuldaernachrichten.de\/?p=117925","title":{"rendered":"SG Sickels beim Heimspiel von Hannover 96"},"content":{"rendered":"<p><a href=\"http:\/\/www.fuldaer-nachrichten.de\/wp-content\/uploads\/2013\/12\/DSC_0086.jpg\"><img decoding=\"async\" class=\"alignleft size-thumbnail wp-image-117930\" alt=\"DSC_0086\" src=\"http:\/\/www.fuldaer-nachrichten.de\/wp-content\/uploads\/2013\/12\/DSC_0086-265x175.jpg\" width=\"265\" height=\"175\" srcset=\"https:\/\/www.fuldaernachrichten.de\/wp-content\/uploads\/2013\/12\/DSC_0086-265x175.jpg 265w, https:\/\/www.fuldaernachrichten.de\/wp-content\/uploads\/2013\/12\/DSC_0086.jpg 600w\" sizes=\"(max-width: 265px) 100vw, 265px\" \/><\/a>Fulda. Zwischen der Jugendabteilung der SG Sickels und Hannover 96 gibt es seit Sommer 2013 eine enge Verbindung. Diese Verbindung wurde k\u00fcrzlich gefestigt, als 171 Fu\u00dfballfans das Spiel Hannover 96 gegen Eintracht Frankfurt in der HDI-Arena in Hannover miterleben konnten. Alles begann mit einem Fu\u00dfballcamp in Sickels.<!--more--><\/p>\n<p><b><span style=\"text-decoration: underline;\">Fu\u00dfballschule von Hannover 96 zu Gast in Sickels<\/span><\/b><\/p>\n<p>Zu einem ganz besonderen Event haben sich 62 fu\u00dfballbegeisterte Teilnehmer und ihre Eltern vom 16. bis 18. August am Sportgel\u00e4nde der SG Sickels eingefunden. Drei Tage Fu\u00dfballtraining mit professionellen Trainern vom Nachwuchsleistungs-zentrum des Bundesligisten Hannover 96 standen an.<\/p>\n<p>An der Spitze des Trainerteams stand J\u00fcrgen Holletzek, der Leiter der Fu\u00dfballschule von Hannover 96. Mit ihm gemeinsam reisten in Sickels die Trainer Fatmir Vata, Frank Goslar, Dieter Schlindwein und Zbigniew Fabinski an. Die Trainer sind alle ehemalige Profis, die viele Erfolge und Eins\u00e4tze in der ersten Liga im In- und Ausland und in ihrer jeweiligen Nationalmannschaft absolviert haben. Dar\u00fcber hinaus sind alle ausgebildete Juniorentrainer und verf\u00fcgen \u00fcber weitergehende Qualifikationen. F\u00fcr viele war es eine \u00dcberraschung, dass Zbigniew Fabinski im Trainerteam war, denn ihn kennen viele als Jugendtrainer in der SG Sickels.<\/p>\n<p><a href=\"http:\/\/www.fuldaer-nachrichten.de\/wp-content\/uploads\/2013\/12\/CIMG4675.jpg\"><img fetchpriority=\"high\" decoding=\"async\" class=\"alignnone size-thumbnail wp-image-117926\" alt=\"CIMG4675\" src=\"http:\/\/www.fuldaer-nachrichten.de\/wp-content\/uploads\/2013\/12\/CIMG4675-265x198.jpg\" width=\"265\" height=\"198\" srcset=\"https:\/\/www.fuldaernachrichten.de\/wp-content\/uploads\/2013\/12\/CIMG4675-265x198.jpg 265w, https:\/\/www.fuldaernachrichten.de\/wp-content\/uploads\/2013\/12\/CIMG4675.jpg 600w\" sizes=\"(max-width: 265px) 100vw, 265px\" \/><\/a><a href=\"http:\/\/www.fuldaer-nachrichten.de\/wp-content\/uploads\/2013\/12\/CIMG4669.jpg\"><img decoding=\"async\" class=\"alignnone size-thumbnail wp-image-117927\" alt=\"CIMG4669\" src=\"http:\/\/www.fuldaer-nachrichten.de\/wp-content\/uploads\/2013\/12\/CIMG4669-265x198.jpg\" width=\"265\" height=\"198\" srcset=\"https:\/\/www.fuldaernachrichten.de\/wp-content\/uploads\/2013\/12\/CIMG4669-265x198.jpg 265w, https:\/\/www.fuldaernachrichten.de\/wp-content\/uploads\/2013\/12\/CIMG4669.jpg 600w\" sizes=\"(max-width: 265px) 100vw, 265px\" \/><\/a><\/p>\n<p>Bereits vor der Begr\u00fc\u00dfung wurden die Campteilnehmer mit einem kompletten Trikot des Nachwuchsleistungszentrums ausgestattet. Dies sorgte bei vielen Kindern, insbesondere bei den j\u00fcngeren f\u00fcr viel Spannung und Stolz. Im Anschluss daran fand die offizielle Begr\u00fc\u00dfung und Vorstellung der Trainer statt. Nachdem der Zeitablauf erl\u00e4utert wurde, wurden vier Trainingsgruppen gebildet. Die Trainingsgruppen orientierten sich am Alter, wobei eine zus\u00e4tzliche alters\u00fcbergreifende Trainingsgruppe f\u00fcr Torwarte gebildet wurde, die von Frank Goslar trainiert wurde.<\/p>\n<p>Als n\u00e4chstes stand der Fototermin auf dem Plan, jede Trainingsgruppe wurde gemeinsam mit den Trainern abgelichtet, wof\u00fcr das gut war, konnte zu diesem Zeitpunkt noch niemand ahnen. Der Fototermin wurde abgeschlossen mit einem Gruppenfoto aller Campteilnehmer mit den Trainern der Fu\u00dfballschule von Hannover 96.<\/p>\n<p><a href=\"http:\/\/www.fuldaer-nachrichten.de\/wp-content\/uploads\/2013\/12\/CIMG4769.jpg\"><img loading=\"lazy\" decoding=\"async\" class=\"alignnone size-thumbnail wp-image-117929\" alt=\"CIMG4769\" src=\"http:\/\/www.fuldaer-nachrichten.de\/wp-content\/uploads\/2013\/12\/CIMG4769-265x198.jpg\" width=\"265\" height=\"198\" srcset=\"https:\/\/www.fuldaernachrichten.de\/wp-content\/uploads\/2013\/12\/CIMG4769-265x198.jpg 265w, https:\/\/www.fuldaernachrichten.de\/wp-content\/uploads\/2013\/12\/CIMG4769.jpg 600w\" sizes=\"(max-width: 265px) 100vw, 265px\" \/><\/a><a href=\"http:\/\/www.fuldaer-nachrichten.de\/wp-content\/uploads\/2013\/12\/CIMG4684.jpg\"><img loading=\"lazy\" decoding=\"async\" class=\"alignnone size-thumbnail wp-image-117928\" alt=\"CIMG4684\" src=\"http:\/\/www.fuldaer-nachrichten.de\/wp-content\/uploads\/2013\/12\/CIMG4684-265x198.jpg\" width=\"265\" height=\"198\" srcset=\"https:\/\/www.fuldaernachrichten.de\/wp-content\/uploads\/2013\/12\/CIMG4684-265x198.jpg 265w, https:\/\/www.fuldaernachrichten.de\/wp-content\/uploads\/2013\/12\/CIMG4684.jpg 600w\" sizes=\"(max-width: 265px) 100vw, 265px\" \/><\/a><\/p>\n<p>Nun ging es los, die erste Trainingseinheit stand auf dem Programm. 2 Stunden Training waren angesagt, es zeigte sich sehr schnell, das Training auch harte Arbeit sein kann. In den Trainingsgruppen wurden altersgerechte \u00dcbungen durch die Trainer angeleitet und von den Kindern umgesetzt. Die Trainer achteten auf die korrekte Ausf\u00fchrung und korrigierten die Camp-Teilnehmer, wenn notwendig. Die Trainingseinheit wurde nur durch kurze Trinkpausen unterbrochen, was angesichts des tollen Sommerwetters und den hohen Temperaturen sehr wichtig war. Am Ende der Ersten Trainingseinheit waren alle ganz sch\u00f6n geschafft aber durchaus gl\u00fccklich und froh. Eine Fragerunde f\u00fcr Teilnehmer und Eltern rundete den ersten Trainingstag ab.<\/p>\n<p>Am 2. Trainingstag stand vormittags eine Trainingseinheit auf dem Programm, \u00e4hnlich der Trainingseinheit vom ersten Tag. Auch da wurde den Kindern wieder einiges abverlangt und einige erkannten, das Training mit den Profis ist doch teilweise echt hart. Nach dem gemeinsamen Mittagessen fand ein Quiz statt, mit Fragen rund um Hannover 96 und die Bundesliga.<\/p>\n<p>Am Nachmittag des 2. Tages wurde ein Technikparcours angeboten, bei dem alle Kinder ihre Technik und Geschicklichkeit unter Beweis stellen konnten. Im Anschluss wurden die Gewinner des Fu\u00dfballquiz und des Technikparcours mit Preisen ausgezeichnet.<\/p>\n<p>Am 3. und letzten Trainingstag stand am Vormittag noch mal eine Trainingseinheit auf dem Programm, in den Trainingsgruppen war wieder sehr viel Bewegung. \u00dcbungen rund um die Technik, Geschicklichkeit, Taktik und erlernen neuer Tricks standen im Mittelpunkt. Danach gab es schon erste traurige Gesichter, denn alle wussten, das Fu\u00dfballcamp steht kurz vor dem Ende.<\/p>\n<p>Alle Kinder und Jugendlichen wurden mit einer Urkunde pers\u00f6nlich verabschiedet, auf jeder Urkunde war das Bild ihrer Trainingsgruppe mit den Trainern von Hannover 96 zu sehen. Zum Abschluss gab es viele Dankesworte. Das Trainerteam von Hannover 96 dankte f\u00fcr das Vertrauen, dass die Eltern dem Nachwuchsleistungszentrum mit der Anmeldung der Kinder entgegengebracht haben. Ein besonderes Wort des Dankes ging an die SG Sickels f\u00fcr die vorbildliche Organisation des Fu\u00dfballcamps. Dieter Schlindwein \u00fcberreichte Thomas Goldbach f\u00fcr die Jugendabteilung der SG Sickels noch ein Geschenk und 2 Gruppenfotos mit den Unterschriften der Trainer.<\/p>\n<p>Die SG Sickels bedankte sich f\u00fcr die professionelle und gut strukturierte Durchf\u00fchrung des Fu\u00dfballcamps. Obwohl die Kinder und Jugendlichen traurig waren, dass das Camp zu Ende war, so waren sie doch auch gl\u00fccklich, dass sie dabei sein und pers\u00f6nlich wie auch fu\u00dfballspezifisch einiges lernen konnten.<\/p>\n<p>Die Kinder nutzten die Gelegenheit und holten sich viele Autogramme, besonders beliebt waren Unterschriften von Fatmir Vata auf den Trikots und den Urkunden. So endete f\u00fcr alle Beteiligten ein erlebnisreiches Wochenende, das alle noch lange in Erinnerung behalten werden. Bereits w\u00e4hrend dem Fu\u00dfballcamp wurde vereinbart, dass viele Campteilnehmer mit Ihren Eltern am 14. Spieltag der Bundesliga das Spiel Hannover 96 gegen Eintracht Frankfurt besuchen wollen.<\/p>\n<p><b><span style=\"text-decoration: underline;\">Gegenbesuch der SG Sickels in Hannover<\/span><\/b><\/p>\n<p>Bereits im Sommer hatte die SG Sickels vorsorglich ein gr\u00f6\u00dferes Kartenkontingent bei Hannover 96 reserviert \u2013 bereits w\u00e4hrend dem Fu\u00dfballcamp meldeten sich spontan die ersten Teilnehmer an. Die Fahrt nach Hannover war seit Sommer oft Inhalt von Gespr\u00e4chen, die von Vorfreude und Begeisterung gepr\u00e4gt waren. Auch die Tatsache, dass das Spiel am Sonntagnachmittag ausgetragen wurde, tr\u00fcbte die Begeisterung nicht.<\/p>\n<p>Am 01.12.2013\u00c2\u00a0 um 9:00 Uhr machten sich 171 Teilnehmer mit 3 Bussen auf den Weg Richtung Hannover. Eine ausgiebige Pause mit einem Fr\u00fchst\u00fcck und Kaffee brachte die ersten Eindr\u00fccke, denn in unmittelbarer Nachbarschaft machte ein Eintracht-Fanbus halt. Viele Teilnehmer des Fu\u00dfballcamps waren auf das Stadion und die Atmosph\u00e4re gespannt und wollten wissen, ob die Erz\u00e4hlungen der Trainer richtig sind.<\/p>\n<p>Als die Buskolonne in der nieders\u00e4chsischen Hauptstadt einfuhr, wurde sie sogleich von einer freundlichen Zivilstreife als Eintrachtfans der milden Sorte identifiziert, danach durch den Stadtverkehr bis an den Fanblock der Hessen eskortiert.<\/p>\n<p>Rund um die AWD-Arena herrschte bereits ein reges Treiben der rund 40 000\u00c2\u00a0 Fans beider Seiten, die unter den Augen eines gro\u00dfen Polizeiaufgebots auf die R\u00e4nge str\u00f6mten.<\/p>\n<p>Gut 30 Minuten bevor Schiedsrichter G\u00fcnter Perl den Anpfiff gab, nahmen die Kinder, Jugendlichen, Senioren der drei Vereine aus Johannesberg, Sickels und Oberrode mit ihren Familien ihre hervorragenden Pl\u00e4tze\u00c2\u00a0 in H\u00f6rweite der Frankfurter Ultras ein und genossen die ersten Eindr\u00fccke der in glei\u00dfendem Flutlicht erstrahlenden Arena von Hannover96.<\/p>\n<p>Leider konnten sich die Kicker aus der Bankenstadt durch diese tollen Eindr\u00fccke nicht inspirieren lassen und die 96er lie\u00dfen sich von Beginn an das Heft nicht aus der Hand nehmen. So sahen die Fans aus der Rh\u00f6n, wie die Angriffswellen der Mannen von Trainer Mirko Slomka immer wieder auf das Tor der Eintracht direkt vor der Frankfurter Kurve anrollten.<\/p>\n<p>In der 25.Minute war es dann soweit: Eine Flanke von links auf den hochsteigenden Diouf lie\u00df einmal mehr die eklatante Kopfballschw\u00e4che der Adler erkennen, als der druckvolle Kopfball unhaltbar f\u00fcr Keeper Kevin Trapp in die Maschen ging. Nach dem Wechsel nahm das Unheil f\u00fcr die SGE seinen weiteren Verlauf:<\/p>\n<p>56. Minute: Foul von Lanig &#8211; Perl z\u00fcckt Gelb\/Rot &#8211; ab jetzt spielen die Frankfurter in Unterzahl. 67. Minute: Pirmin dribbelt sich stark in den Strafraum und kommt nach einem Gerangel mit Sakai zu Fall \u2013 der Pfiff zum Strafsto\u00df blieb aus!<\/p>\n<p>Im direkten Konter gab es an der Frankfurter Strafraumgrenze ebenfalls ein Gerangel, wobei der Unparteiische jedoch sofort den Freisto\u00df f\u00fcr Hannover gab. Hierr\u00fcber erregte sich Trainer Armin Veh derma\u00dfen, dass er auf die R\u00e4nge verwiesen wurde. Gerade als er in den Katakomben verschwunden war, lief Huszti an und verwandelte den Freisto\u00df mit einem sehenswerten Strich ins rechte obere Eck.<\/p>\n<p>Insgesamt f\u00fcr die Eintracht ein entt\u00e4uschender Abend, Hannover 96 indes spielt sich sehenswert aus der Krise und vom 13. auf den 09. Rang. Beeindruckt von der stimmungsvollen Bundesligaatmosph\u00e4re in der AWD &#8211; Arena kehrten die Fuldaer Fans hochzufrieden, wenn auch etwas m\u00fcde bis 22.00Uhr wohlbehalten nach Sickels zur\u00fcck.(Text &amp; Fotos: Thomas Goldbach und Karl-Heinz Ketteler)<\/p>\n<p>&nbsp;<\/p>\n","protected":false},"excerpt":{"rendered":"<div class=\"tmnf_excerpt\"><p>Fulda. Zwischen der Jugendabteilung der SG Sickels und Hannover 96 gibt es seit Sommer 2013 eine enge Verbindung. Diese Verbindung wurde k\u00fcrzlich gefestigt, als 171 Fu\u00dfballfans das Spiel Hannover 96 gegen Eintracht Frankfurt in der HDI-Arena in Hannover miterleben konnten. Alles begann mit einem Fu\u00dfballcamp in Sickels.<\/p>\n<\/div>","protected":false},"author":1,"featured_media":0,"comment_status":"closed","ping_status":"closed","sticky":false,"template":"","format":"standard","meta":{"footnotes":""},"categories":[1,46],"tags":[],"class_list":["post-117925","post","type-post","status-publish","format-standard","hentry","category-startseite","category-sport"],"_links":{"self":[{"href":"https:\/\/www.fuldaernachrichten.de\/index.php?rest_route=\/wp\/v2\/posts\/117925","targetHints":{"allow":["GET"]}}],"collection":[{"href":"https:\/\/www.fuldaernachrichten.de\/index.php?rest_route=\/wp\/v2\/posts"}],"about":[{"href":"https:\/\/www.fuldaernachrichten.de\/index.php?rest_route=\/wp\/v2\/types\/post"}],"author":[{"embeddable":true,"href":"https:\/\/www.fuldaernachrichten.de\/index.php?rest_route=\/wp\/v2\/users\/1"}],"replies":[{"embeddable":true,"href":"https:\/\/www.fuldaernachrichten.de\/index.php?rest_route=%2Fwp%2Fv2%2Fcomments&post=117925"}],"version-history":[{"count":1,"href":"https:\/\/www.fuldaernachrichten.de\/index.php?rest_route=\/wp\/v2\/posts\/117925\/revisions"}],"predecessor-version":[{"id":117931,"href":"https:\/\/www.fuldaernachrichten.de\/index.php?rest_route=\/wp\/v2\/posts\/117925\/revisions\/117931"}],"wp:attachment":[{"href":"https:\/\/www.fuldaernachrichten.de\/index.php?rest_route=%2Fwp%2Fv2%2Fmedia&parent=117925"}],"wp:term":[{"taxonomy":"category","embeddable":true,"href":"https:\/\/www.fuldaernachrichten.de\/index.php?rest_route=%2Fwp%2Fv2%2Fcategories&post=117925"},{"taxonomy":"post_tag","embeddable":true,"href":"https:\/\/www.fuldaernachrichten.de\/index.php?rest_route=%2Fwp%2Fv2%2Ftags&post=117925"}],"curies":[{"name":"wp","href":"https:\/\/api.w.org\/{rel}","templated":true}]}}