{"id":117923,"date":"2013-12-16T00:12:32","date_gmt":"2013-12-16T00:12:32","guid":{"rendered":"http:\/\/www.fuldaer-nachrichten.de\/?p=117923"},"modified":"2013-12-15T18:21:25","modified_gmt":"2013-12-15T18:21:25","slug":"mdp-barbara-weiler-spd-recht-auf-bankkonto-fuer-alle-buerger-in-europa","status":"publish","type":"post","link":"https:\/\/www.fuldaernachrichten.de\/?p=117923","title":{"rendered":"MdP Barbara WEILER (SPD): &#8220;Recht auf Bankkonto f\u00fcr alle B\u00fcrger in Europa&#8221;"},"content":{"rendered":"<p>Kassel. Zuk\u00fcnftig sollen B\u00fcrgerinnen und B\u00fcrger europaweit einen gesetzlichen Anspruch auf ein Bankkonto mit grundlegenden Funktionen haben. Das hat das Europ\u00e4ische Parlament in seiner Plenarsitzung am Donnerstag in Stra\u00dfburg beschlossen. \u201eKein Mensch in Europa darf mehr allein auf das Wohlwollen seiner Bank angewiesen sein, wenn er ein Konto er\u00f6ffnen m\u00f6chte. 2,5 Millionen Antragssteller, denen bisher ein Konto verwehrt wurde, erhalten nun endlich einen Rechtsanspruch darauf. Ein Bankkonto ist kein Luxus, sondern die Basis f\u00fcr gesellschaftliche Teilhabe\u201c, unterstreicht die SPD-Europaabgeordnete Barbara WEILER.<!--more--><\/p>\n<p>Nach Sch\u00e4tzungen gibt es derzeit 25 Millionen B\u00fcrgerinnen und B\u00fcrger in der EU und etwa 700.000 in Deutschland, die nicht \u00fcber ein Zahlungskonto verf\u00fcgen. &#8220;Es kann nicht l\u00e4nger sein, dass Studierenden, Saisonarbeitern oder freien Dienstleistern ein Bankkonto verweigert wird, nur weil sie aufgrund ihrer T\u00e4tigkeit keinen festen Wohnsitz haben. Das Recht auf ein Basiskonto beendet endlich den Ausschluss dieser Menschen vom wirtschaftlichen Leben&#8221;, so die nordhessische EU-Parlamentarierin.<\/p>\n<p>Die Sozialdemokraten haben den Gesetzesvorschlag der EU-Kommission in vielen Punkten im Interesse der Verbraucher verbessert. \u201eDer Nutzer eines Basiskontos darf kein Kunde zweiter Klasse sein. Deshalb haben wir uns mit Erfolg daf\u00fcr eingesetzt, dass alle g\u00e4ngigen Bankdienstleistungen wie \u00dcberweisungen und Abhebungen an Terminals oder Online-Banking auch mit einem Basiskonto erm\u00f6glicht werden sollen\u201c, unterstreicht die Expertin f\u00fcr Binnenmarkt und Verbraucherschutz Barbara WEILER. Falls eine Bank einem Verbraucher ein Basiskonto verwehre, m\u00fcsse sie diesem die konkreten Gr\u00fcnde nennen und auf Rechtsmittel verweisen.<\/p>\n<p>Neben dem Recht auf ein Basiskonto hat das Europ\u00e4ische Parlament zudem mehr Transparenz und Vergleichbarkeit bei den Geb\u00fchren f\u00fcr Kontodienstleistungen, wie etwa \u00dcberziehungszinsen, durchgesetzt.<\/p>\n","protected":false},"excerpt":{"rendered":"<div class=\"tmnf_excerpt\"><p>Kassel. Zuk\u00fcnftig sollen B\u00fcrgerinnen und B\u00fcrger europaweit einen gesetzlichen Anspruch auf ein Bankkonto mit grundlegenden Funktionen haben. Das hat das Europ\u00e4ische Parlament in seiner Plenarsitzung am Donnerstag in Stra\u00dfburg beschlossen. \u201eKein Mensch in Europa darf mehr allein auf das Wohlwollen seiner Bank angewiesen sein, wenn er ein Konto er\u00f6ffnen m\u00f6chte. 2,5 Millionen Antragssteller, denen bisher &hellip;<\/p>\n<\/div>","protected":false},"author":1,"featured_media":0,"comment_status":"closed","ping_status":"closed","sticky":false,"template":"","format":"standard","meta":{"footnotes":""},"categories":[1,29],"tags":[],"class_list":["post-117923","post","type-post","status-publish","format-standard","hentry","category-startseite","category-politik"],"_links":{"self":[{"href":"https:\/\/www.fuldaernachrichten.de\/index.php?rest_route=\/wp\/v2\/posts\/117923","targetHints":{"allow":["GET"]}}],"collection":[{"href":"https:\/\/www.fuldaernachrichten.de\/index.php?rest_route=\/wp\/v2\/posts"}],"about":[{"href":"https:\/\/www.fuldaernachrichten.de\/index.php?rest_route=\/wp\/v2\/types\/post"}],"author":[{"embeddable":true,"href":"https:\/\/www.fuldaernachrichten.de\/index.php?rest_route=\/wp\/v2\/users\/1"}],"replies":[{"embeddable":true,"href":"https:\/\/www.fuldaernachrichten.de\/index.php?rest_route=%2Fwp%2Fv2%2Fcomments&post=117923"}],"version-history":[{"count":1,"href":"https:\/\/www.fuldaernachrichten.de\/index.php?rest_route=\/wp\/v2\/posts\/117923\/revisions"}],"predecessor-version":[{"id":117924,"href":"https:\/\/www.fuldaernachrichten.de\/index.php?rest_route=\/wp\/v2\/posts\/117923\/revisions\/117924"}],"wp:attachment":[{"href":"https:\/\/www.fuldaernachrichten.de\/index.php?rest_route=%2Fwp%2Fv2%2Fmedia&parent=117923"}],"wp:term":[{"taxonomy":"category","embeddable":true,"href":"https:\/\/www.fuldaernachrichten.de\/index.php?rest_route=%2Fwp%2Fv2%2Fcategories&post=117923"},{"taxonomy":"post_tag","embeddable":true,"href":"https:\/\/www.fuldaernachrichten.de\/index.php?rest_route=%2Fwp%2Fv2%2Ftags&post=117923"}],"curies":[{"name":"wp","href":"https:\/\/api.w.org\/{rel}","templated":true}]}}