{"id":117920,"date":"2013-12-14T00:12:49","date_gmt":"2013-12-14T00:12:49","guid":{"rendered":"http:\/\/www.fuldaer-nachrichten.de\/?p=117920"},"modified":"2013-12-15T18:16:00","modified_gmt":"2013-12-15T18:16:00","slug":"autorinnenlesung-fuer-jung-und-alt-aus-rauka-2","status":"publish","type":"post","link":"https:\/\/www.fuldaernachrichten.de\/?p=117920","title":{"rendered":"Autorinnenlesung f\u00fcr Jung und Alt aus \u201eRAUKA\u201c"},"content":{"rendered":"<p><a href=\"http:\/\/www.fuldaer-nachrichten.de\/wp-content\/uploads\/2013\/12\/RAUKA-im-Moor1.jpg\"><img decoding=\"async\" class=\"alignleft size-thumbnail wp-image-117921\" alt=\"RAUKA im Moor\" src=\"http:\/\/www.fuldaer-nachrichten.de\/wp-content\/uploads\/2013\/12\/RAUKA-im-Moor1-265x175.jpg\" width=\"265\" height=\"175\" srcset=\"https:\/\/www.fuldaernachrichten.de\/wp-content\/uploads\/2013\/12\/RAUKA-im-Moor1-265x175.jpg 265w, https:\/\/www.fuldaernachrichten.de\/wp-content\/uploads\/2013\/12\/RAUKA-im-Moor1.jpg 600w\" sizes=\"(max-width: 265px) 100vw, 265px\" \/><\/a>Flieden. Aus ihrem ersten Buch \u201eRAUKA`s Reise in das Land der Tr\u00e4ume\u201c lass die Gersfelder Autorin Karin Anne Sch\u00f6bel im Fliedener Alten- und Pflegeheim St. Katharina mit der Tagespflege St. Josef \u2013 und die Kinder der Kita St. Josef aus Flieden waren dabei. Im Rahmen Ihrer Kooperation besuchen die Kinder der Kita die Senioren in der Pflegeeinrichtung zu verschiedenen Anl\u00e4ssen. Hierbei steht vor allem die Begegnung von Alt und Jung im Vordergrund der regelm\u00e4\u00dfigen Treffen. Auch die Senioren haben die Kleinen schon in ihrer Kita besucht.<img decoding=\"async\" title=\"Weiterlesen \u00e2\u20ac\u00a6\" alt=\"\" src=\"http:\/\/www.fuldaer-nachrichten.de\/wp-includes\/js\/tinymce\/plugins\/wordpress\/img\/trans.gif\" \/><!--more--><\/p>\n<p>Diesmal war die Autorin zu Gast, las Ausz\u00fcge aus ihrem Buch und stellte auch die im Buch vorkommenden Figuren vor. Dass handgefertigte gro\u00dfe Puppen nicht nur Kinder begeistern, wurde schon bei der Begr\u00fc\u00dfung durch Heimleiter Oliver Krah klar, als ihm eine der Heimbewohnerinnen spontan die \u201eRAUKA\u201c abverlangte.<\/p>\n<p>Im Kinderbuch aus der Feder von Karin Anne Sch\u00f6bel erlebt ein quirliges aufgewecktes M\u00e4dchen im Alter von sechs Jahren Abenteuer am Roten Moor und in der Rh\u00f6n. Was die blonde RAUKA mit dem Moorm\u00e4nnchen und Schmiera, der Schnecke, auf dem R\u00fccken des selbstgebauten Flugvogel Emmerich alles erlebt, hat die Autorin in ihrem ersten Werk aufgeschrieben. Das Buch eignet sich dank der kurzen Kapitel gut zum Vorlesen und ist zauberhaft bebildert. Und wem es gef\u00e4llt, die Fortsetzung \u201eRAUKA im Land der Tr\u00e4ume\u201c ist bereits in Vorbereitung.<\/p>\n<p>Das Buch kann bestellt werden im Verlag Neue Ansichten Gersfeld unter Telefon 06654-917481, per E-Mail <a href=\"mailto:karin.schoebel@neueansichten.de\">karin.schoebel@neueansichten.de<\/a> oder \u00fcber das Alten- und Pflegeheim St. Katharina in Flieden.<\/p>\n<p><a href=\"http:\/\/www.rauka.de\/\">www.rauka.de<\/a><\/p>\n<p><a href=\"http:\/\/www.st-katharina-flieden.de\/\">www.st-katharina-flieden.de<\/a><\/p>\n<p>&nbsp;<\/p>\n","protected":false},"excerpt":{"rendered":"<div class=\"tmnf_excerpt\"><p>Flieden. Aus ihrem ersten Buch \u201eRAUKA`s Reise in das Land der Tr\u00e4ume\u201c lass die Gersfelder Autorin Karin Anne Sch\u00f6bel im Fliedener Alten- und Pflegeheim St. Katharina mit der Tagespflege St. Josef \u2013 und die Kinder der Kita St. Josef aus Flieden waren dabei. Im Rahmen Ihrer Kooperation besuchen die Kinder der Kita die Senioren in &hellip;<\/p>\n<\/div>","protected":false},"author":1,"featured_media":0,"comment_status":"closed","ping_status":"closed","sticky":false,"template":"","format":"standard","meta":{"footnotes":""},"categories":[1,44],"tags":[],"class_list":["post-117920","post","type-post","status-publish","format-standard","hentry","category-startseite","category-kultur"],"_links":{"self":[{"href":"https:\/\/www.fuldaernachrichten.de\/index.php?rest_route=\/wp\/v2\/posts\/117920","targetHints":{"allow":["GET"]}}],"collection":[{"href":"https:\/\/www.fuldaernachrichten.de\/index.php?rest_route=\/wp\/v2\/posts"}],"about":[{"href":"https:\/\/www.fuldaernachrichten.de\/index.php?rest_route=\/wp\/v2\/types\/post"}],"author":[{"embeddable":true,"href":"https:\/\/www.fuldaernachrichten.de\/index.php?rest_route=\/wp\/v2\/users\/1"}],"replies":[{"embeddable":true,"href":"https:\/\/www.fuldaernachrichten.de\/index.php?rest_route=%2Fwp%2Fv2%2Fcomments&post=117920"}],"version-history":[{"count":1,"href":"https:\/\/www.fuldaernachrichten.de\/index.php?rest_route=\/wp\/v2\/posts\/117920\/revisions"}],"predecessor-version":[{"id":117922,"href":"https:\/\/www.fuldaernachrichten.de\/index.php?rest_route=\/wp\/v2\/posts\/117920\/revisions\/117922"}],"wp:attachment":[{"href":"https:\/\/www.fuldaernachrichten.de\/index.php?rest_route=%2Fwp%2Fv2%2Fmedia&parent=117920"}],"wp:term":[{"taxonomy":"category","embeddable":true,"href":"https:\/\/www.fuldaernachrichten.de\/index.php?rest_route=%2Fwp%2Fv2%2Fcategories&post=117920"},{"taxonomy":"post_tag","embeddable":true,"href":"https:\/\/www.fuldaernachrichten.de\/index.php?rest_route=%2Fwp%2Fv2%2Ftags&post=117920"}],"curies":[{"name":"wp","href":"https:\/\/api.w.org\/{rel}","templated":true}]}}