{"id":117913,"date":"2013-12-14T10:46:35","date_gmt":"2013-12-14T10:46:35","guid":{"rendered":"http:\/\/www.fuldaer-nachrichten.de\/?p=117913"},"modified":"2013-12-14T10:46:35","modified_gmt":"2013-12-14T10:46:35","slug":"kreisstrassenbauprogramm-2014-beschlossen","status":"publish","type":"post","link":"https:\/\/www.fuldaernachrichten.de\/?p=117913","title":{"rendered":"Kreisstra\u00dfenbauprogramm 2014 beschlossen"},"content":{"rendered":"<p>Fulda. Der Kreisausschuss hat das von der Wegebaukommission des Landkreises Fulda vorgeschlagene Kreisstra\u00dfenbauprogramm 2014 beschlossen. Es sieht f\u00fcr Fahrbahnerneuerungen insgesamt 2,875 Millionen Euro vor. F\u00fcr kleine Ausbauma\u00dfnahmen sind 50.000 Euro, f\u00fcr Fu\u00dfg\u00e4ngerschutzma\u00dfnahmen 15.000 Euro und f\u00fcr Sonstiges 85.000 Euro eingeplant.<!--more--><b> <\/b><\/p>\n<p>Im weiteren Sitzungsverlauf vergab der Kreisausschuss entsprechend des Baufortschritts eine ganze Reihe von Gewerken f\u00fcr den zweiten Bauabschnitt der grundlegenden Innensanierung der Wernher-von-Braun-Schule in Neuhof. Das Auftragsvolumen belief sich insgesamt auf 852.000 Euro. Auch stimmten die Ausschussmitglieder einer Verl\u00e4ngerung der Sammlung und\u00c2\u00a0 Entsorgung von Elektroaltger\u00e4ten durch den gemeinn\u00fctzigen Besch\u00e4ftigungstr\u00e4ger Gr\u00fcmel um ein weiteres Jahr zu.<\/p>\n<p>&nbsp;<\/p>\n","protected":false},"excerpt":{"rendered":"<div class=\"tmnf_excerpt\"><p>Fulda. Der Kreisausschuss hat das von der Wegebaukommission des Landkreises Fulda vorgeschlagene Kreisstra\u00dfenbauprogramm 2014 beschlossen. Es sieht f\u00fcr Fahrbahnerneuerungen insgesamt 2,875 Millionen Euro vor. F\u00fcr kleine Ausbauma\u00dfnahmen sind 50.000 Euro, f\u00fcr Fu\u00dfg\u00e4ngerschutzma\u00dfnahmen 15.000 Euro und f\u00fcr Sonstiges 85.000 Euro eingeplant.<\/p>\n<\/div>","protected":false},"author":1,"featured_media":0,"comment_status":"closed","ping_status":"closed","sticky":false,"template":"","format":"standard","meta":{"footnotes":""},"categories":[1,29],"tags":[],"class_list":["post-117913","post","type-post","status-publish","format-standard","hentry","category-startseite","category-politik"],"_links":{"self":[{"href":"https:\/\/www.fuldaernachrichten.de\/index.php?rest_route=\/wp\/v2\/posts\/117913","targetHints":{"allow":["GET"]}}],"collection":[{"href":"https:\/\/www.fuldaernachrichten.de\/index.php?rest_route=\/wp\/v2\/posts"}],"about":[{"href":"https:\/\/www.fuldaernachrichten.de\/index.php?rest_route=\/wp\/v2\/types\/post"}],"author":[{"embeddable":true,"href":"https:\/\/www.fuldaernachrichten.de\/index.php?rest_route=\/wp\/v2\/users\/1"}],"replies":[{"embeddable":true,"href":"https:\/\/www.fuldaernachrichten.de\/index.php?rest_route=%2Fwp%2Fv2%2Fcomments&post=117913"}],"version-history":[{"count":1,"href":"https:\/\/www.fuldaernachrichten.de\/index.php?rest_route=\/wp\/v2\/posts\/117913\/revisions"}],"predecessor-version":[{"id":117914,"href":"https:\/\/www.fuldaernachrichten.de\/index.php?rest_route=\/wp\/v2\/posts\/117913\/revisions\/117914"}],"wp:attachment":[{"href":"https:\/\/www.fuldaernachrichten.de\/index.php?rest_route=%2Fwp%2Fv2%2Fmedia&parent=117913"}],"wp:term":[{"taxonomy":"category","embeddable":true,"href":"https:\/\/www.fuldaernachrichten.de\/index.php?rest_route=%2Fwp%2Fv2%2Fcategories&post=117913"},{"taxonomy":"post_tag","embeddable":true,"href":"https:\/\/www.fuldaernachrichten.de\/index.php?rest_route=%2Fwp%2Fv2%2Ftags&post=117913"}],"curies":[{"name":"wp","href":"https:\/\/api.w.org\/{rel}","templated":true}]}}